{"id":10370,"date":"2021-01-30T08:39:39","date_gmt":"2021-01-30T06:39:39","guid":{"rendered":"http:\/\/www.rosammasana.com\/?p=10370"},"modified":"2022-03-07T19:47:24","modified_gmt":"2022-03-07T17:47:24","slug":"dones-propietaries-de-terrenys-a-terrassa-lany-1723","status":"publish","type":"post","link":"https:\/\/www.rosammasana.com\/?p=10370","title":{"rendered":"Dones propiet\u00e0ries de terres de conreu a Terrassa l\u2019any 1723"},"content":{"rendered":"<p style=\"text-align: justify;\">Durant la consulta de documents al <a title=\"Arxiu de la Corona d'Arag\u00f3\" href=\"https:\/\/ca.wikipedia.org\/wiki\/Arxiu_de_la_Corona_d%27Arag%C3%B3\">Arxiu de la Corona d\u2019Arag\u00f3<\/a>\u00a0de Barcelona, vaig tenir a mans\u00a0<em>\u2018El cadastro de la vila de Terrassa 1723-1724\u2019<\/em> on hi constava que 79 terrassencs eren propietaris de terrenys agr\u00edcoles, 63\u00a0 eren homes i 16 dones .<\/p>\n<p style=\"text-align: justify;\">El tema va\u00a0 ser del meu inter\u00e8s\u00a0 perqu\u00e8 al llibre <em>Dones emprenedores, Palafrugell<\/em> (1857-1914) volum I i II editats l\u2019any 2013 i 2016, hi vaig escriure\u00a0 una breu ressenya\u00a0 de dones palafrugellenques\u00a0 que tenien\u00a0 propietats, per la qual cosa vaig registrar algunes\u00a0 dades d&#8217;aquell document que ara he considerat presentar-les en aquest bloc.<\/p>\n<p style=\"text-align: justify;\">Abans d&#8217; esmentar el nom de les dones propiet\u00e0ries\u00a0 comentarem alguns fets relacionats\u00a0 amb la recapta\u00a0 d\u2019impostos. L\u2019any 1713 van entrar a Terrassa les tropes borb\u00f2niques de <a title=\"Felip V \" href=\"https:\/\/ca.wikipedia.org\/wiki\/Felip_V_d%27Espanya\">Felip V<\/a>, esdeveniments descrits\u00a0 a\u00a0<em><a title=\"Comissi\u00f3 del 4 de setembre de 1713\" href=\"http:\/\/4setembre1713.blogspot.com\/p\/la-historia.html\">Comissi\u00f3 del 4 de setembre de 1713<\/a>. Els fets. Terrassa a comen\u00e7ament del segle XVIII, <\/em>en base a aquesta lectura hem sabem que\u00a0 durant aquells anys va\u00a0 entrar en actiu\u00a0 la figura del <a title=\"agrimensor\" href=\"https:\/\/ca.wikipedia.org\/wiki\/Agrimensor\">agrimensor <\/a>o ge\u00f2metra del reial tribut del cadastre, professional\u00a0 dedicat a mesurar\u00a0 els terrenys amb l&#8217;ajut d&#8217;un aparell anomenat <a title=\"groma\" href=\"https:\/\/ca.wikipedia.org\/wiki\/Groma\">groma<\/a>, dels que en feia\u00a0 esquemes tipus mapes i descrivia les\u00a0 caracter\u00edstiques morfol\u00f2giques i funcionals del camp. Tasca molt necess\u00e0ria per\u00a0 despr\u00e8s\u00a0 poder aplicar els\u00a0 corresponents tributs .<\/p>\n<p style=\"text-align: justify;\">\u00a0A Catalunya els Impostos\u00a0 van ser\u00a0 regulats pel \u2018Real Decreto\u2019 del 9 de desembre de l\u2019any 1715 coneguts com a Cadastre de <a title=\"Jos\u00e9 Pati\u00f1o\" href=\"https:\/\/ca.wikipedia.org\/wiki\/Jos%C3%A9_Pati%C3%B1o_Rosales\">Jos\u00e9 Pati\u00f1o<\/a> per ser la persona que va activar aquest procediment. S&#8217;havien de\u00a0 pagar tributs per la possessi\u00f3 de cases, terres, boscos, molins, per tasques d&#8217; artesanat, i tamb\u00e9 els menestrals i els jornalers.<\/p>\n<p style=\"text-align: justify;\">El pagament del delme contributiu, el 10%, havia de ser proporcional al \u2018importe ganancial\u2019 derivat dels fruits del camp, del comer\u00e7, la industria, les activitats de banca i professions liberals. El responsable de la cobran\u00e7a era el \u2018Intendente del Ejercito y Principado de Catalu\u00f1a\u2019. L\u2019any 1716, Catalunya va pagar\u00a0 1.500.000 pesos i degut a les queixes que hi va haver, l\u2019any 1720 va ser reduir\u00a0 a 741.404 pesos, la aportaci\u00f3 que feia Catalunya al Estat era del 37\u20195% .<\/p>\n<p style=\"text-align: justify;\">En temps m\u00e9s moderns\u00a0\u00a0<a title=\"Joaquim Nadal\" href=\"https:\/\/ca.wikipedia.org\/wiki\/Joaquim_Nadal_i_Farreras\">Joaquim Nadal<\/a>, pol\u00edtic,\u00a0durant una pon\u00e8ncia celebrada l\u2019any 2014 esmentava a <a title=\"Agust\u00ed Alcoberro\" href=\"https:\/\/ca.wikipedia.org\/wiki\/Agust%C3%AD_Alcoberro_i_Pericay\">Agust\u00ed Alcoberro\u00a0<\/a>\u00a0recondant que l\u2019increment contributiu havia estat d\u2019un 7,5 de m\u00e9s.\u00a0\u00a0<a title=\"Escartin\" href=\"https:\/\/ca.wikipedia.org\/wiki\/Eduardo_Escart%C3%ADn_S%C3%A1nchez\">Eduardo Escartin, 1981<\/a>\u00a0persona tamb\u00e9 dedicada a la politica parlava\u00a0 dels gravamens que Catalunya havia de lliurar al Estat.<\/p>\n<p style=\"text-align: justify;\">L\u2019any 1735 van ser van ser incloses al pagament de tributs les terres de pertinen\u00e7a eclesi\u00e0stica i van\u00a0 continuar seguint lliures de pagament els grans propietaris\u00a0 que disposaven de terres foranes.<\/p>\n<p style=\"text-align: justify;\">\u00a0<strong>Relaci\u00f3 de les terrassenques propiet\u00e0ries<\/strong><\/p>\n<p style=\"text-align: justify;\">Al cadastre de l\u2019 any 1723\u00a0 de Terrassa hi\u00a0 consta que\u00a0 hi havia setze dones propiet\u00e0ries de camps que disposaven de quarteres productives i\u00a0 eren :<\/p>\n<p style=\"text-align: justify;\"><strong>Maria Aim\u00f3s, Marianna Masmitj\u00e0, Criteria Coll, Marianna Briefens o Brichfeus, Marianna Font, Marianna Escoder o potser Escuder, Anna Escoder, V\u00eddua de Coloma, Eulalia Comelles , Anna Rovira, Marianna Ferres, Madrona Bastart -consta que disposava d\u2019un mol\u00ed i aigua per regar- , Maria Ramon -consta que tenia quatre fills- , Anna Roure i Agn\u00e8s Tiana.<\/strong><\/p>\n<div class=\"mceTemp\">\n<figure id=\"attachment_10416\" aria-describedby=\"caption-attachment-10416\" style=\"width: 150px\" class=\"wp-caption alignright\"><a href=\"http:\/\/www.rosammasana.com\/wp-content\/uploads\/2021\/01\/1-Esquema-Cadastre_1723.jpg\"><img loading=\"lazy\" decoding=\"async\" class=\"size-thumbnail wp-image-10416\" title=\"1-esquema-cadastre_1723\" src=\"http:\/\/www.rosammasana.com\/wp-content\/uploads\/2021\/01\/1-Esquema-Cadastre_1723-150x150.jpg\" alt=\"\" width=\"150\" height=\"150\" \/><\/a><figcaption id=\"caption-attachment-10416\" class=\"wp-caption-text\">Esquema de la demarcaci\u00f3 de Terrassa<\/figcaption><\/figure>\n<\/div>\n<p style=\"text-align: justify;\">Referent a les possessions de camps o de terra campa, a m\u00e9s del nom del propietari tamb\u00e9 hi constaven el nombre de \u00a0quarteres , la seva situaci\u00f3 geogr\u00e0fica que descrivien com a sol eixint, migdia , tramuntana, ponent o mestral, quins eren els seus ve\u00efns o si el camp feia llindar amb terres foranes.<\/p>\n<p style=\"text-align: justify;\">Tamb\u00e9 era quantificat el grau de productivitat de la terra campa, dels fruits que donava una quartera i mitja per cada quatre quarteres i la qualitat de la terra catalogada com alta, de primera, de segona o de tercera qualitat i si es tractava de bosc.<\/p>\n<p style=\"text-align: justify;\">Consta que alguns camps donaven fruits a anys alterns i que les collites solien ser de blat, s\u00e8gol, espelta, civada, oliveres i vinya i tamb\u00e9 top\u00f2nims com: mas dels Cors, mas Pou, camp de en Roure, camp d\u2019en Vinyals, camp d\u2019en Colomer, casa Pou, moli d\u2019en Bosch i camp de la riera posse\u00efda per Reial segrest.<\/p>\n<p style=\"text-align: justify;\">\u00a0En quan el ve\u00efnatge hi ha descrits aspectes com: camp del convent, prop d\u2019un marge, de terra plana , prop d\u2019una casa, d\u2019una riera, de la riera de la vila, prop a un corral , a un torrent, al torrent del batlle, al torrent de Vallparad\u00eds, del camp de la hera, el campet, amb el nom d\u2019algun propietari, l\u2019 hort de la Sebastiana, hortes velles, el torrent de migdia, a la clota de les basses, del barranc del pont, del barranc de la Rassa, del torrent o d\u2019en Pou, prop d\u2019un cam\u00ed ral, del cam\u00ed d\u2019anar al Convent de Sant Francesc dels Pares Recolets a l\u2019esgl\u00e9sia de Sant Pere, del cam\u00ed que anava de la vila a la esgl\u00e9sia de Sant Pere, el cam\u00ed de la Figuera, el que anaven a Sabadell o a Matadepera, Mura, Olesa, Montserrat, Martorell , Rub\u00ed , el cam\u00ed que anava a Sant Feliu, el cam\u00ed que anava a la part forana i en ocasions tamb\u00e9 hi constava al cam\u00ed que anava a una sembradura muntanyosa.<\/p>\n<figure id=\"attachment_10417\" aria-describedby=\"caption-attachment-10417\" style=\"width: 271px\" class=\"wp-caption alignleft\"><a href=\"http:\/\/www.rosammasana.com\/wp-content\/uploads\/2021\/01\/2-Esquemes-sobreposats_2.jpg\"><img loading=\"lazy\" decoding=\"async\" class=\"size-medium wp-image-10417\" title=\"2-esquemes-sobreposats_2\" src=\"http:\/\/www.rosammasana.com\/wp-content\/uploads\/2021\/01\/2-Esquemes-sobreposats_2-271x300.jpg\" alt=\"\" width=\"271\" height=\"300\" srcset=\"https:\/\/www.rosammasana.com\/wp-content\/uploads\/2021\/01\/2-Esquemes-sobreposats_2-271x300.jpg 271w, https:\/\/www.rosammasana.com\/wp-content\/uploads\/2021\/01\/2-Esquemes-sobreposats_2-588x650.jpg 588w, https:\/\/www.rosammasana.com\/wp-content\/uploads\/2021\/01\/2-Esquemes-sobreposats_2.jpg 1301w\" sizes=\"(max-width: 271px) 100vw, 271px\" \/><\/a><figcaption id=\"caption-attachment-10417\" class=\"wp-caption-text\">Composici\u00f3 feta per Francesc Massana<\/figcaption><\/figure>\n<p style=\"text-align: justify;\">La tinen\u00e7a d&#8217; habitatges tamb\u00e9\u00a0 havia de contribuir i constava si eren propis d\u2019us particular o de lloguer i considerant que no estesin en estat ru\u00efn\u00f3s. Relacionant amb\u00a0 activitats econ\u00f2miques consta l\u2019arrendament d\u2019un hostal per un any, per disposar d\u2019 un l\u2019estanc d&#8217;aiguardent, per la primera i segona part de la pesca , per la fleca Morena i la fleca Blanca, per la carnisseria, la mesura, i per dues parts de la verema.<\/p>\n<p style=\"text-align: justify;\">V\u00e0rem observar que havien de pagar impostos sense concretar per quin motiu, Magdalena Pijoan, Catalina Mart\u00ed, Marianna Bonvilar i Vict\u00f2ria Tapies. \u00a0Consta tamb\u00e9 que hi havia cases de canallers i de <em>gaudils.<\/em>\u00a0 A les propietats que havien estat confiscades despr\u00e8s de la Guerra de Successi\u00f3 rebien el nom\u00a0 de Reial Segrest.<\/p>\n<p style=\"text-align: justify;\">\u00a0Els documents revisats tamb\u00e9\u00a0 hi constaven el seg\u00fcents carrers : Pla\u00e7a, Font Vella, Cremat, Raval, Major, Vall, Rutlla i Rassa. Hem vist que residien a la Pla\u00e7a, Maria Torroella, Madrona Bastart i Maria Amat. Al carrer del Vall, Mariana Brufens, Mariangela Bou i Esperan\u00e7a Marsal que era v\u00eddua, com la majoria de dones propiet\u00e0ries, tenia un fill anomenat Joan Marsal, o sigui que ella preservava el cognom del marit com tamb\u00e9 podria haver succe\u00eft en altres de les dones esmentades. Aquestes dades s\u00f3n interessants perqu\u00e8 ens mostren el nucli de la poblaci\u00f3 de Terrassa a principis del segle XVIII.<\/p>\n<p style=\"text-align: justify;\">\u00a0El nombre total de fadrins que tenien els amos era de 11 i respecte al nombre de animals de carga i bovins consta que havia entre matxos i mules 32 caps , 21 burros, 2 bous i 6 vaques.<\/p>\n<p style=\"text-align: justify;\">Degut que tamb\u00e9 v\u00e0rem recopilar els noms del homes que\u00a0 disposaven de\u00a0 propietats i pagaven tributs l\u2019any 1723, s&#8217;ha considerat\u00a0 adjuntar un\u00a0 \u00a0llistat\u00a0 en format PDF,\u00a0 es pot consultar a:\u00a0\u00a0<a href=\"http:\/\/www.rosammasana.com\/wp-content\/uploads\/2021\/01\/Homes.pdf\">homes<\/a>\u00a0propietaris<\/p>\n<p style=\"text-align: justify;\">\n","protected":false},"excerpt":{"rendered":"<p>Durant la consulta de documents al Arxiu de la Corona d\u2019Arag\u00f3\u00a0de Barcelona, vaig tenir a mans\u00a0\u2018El cadastro de la vila de Terrassa 1723-1724\u2019 on hi constava que 79 terrassencs eren propietaris de terrenys agr\u00edcoles, 63\u00a0 eren homes i 16 dones . El tema va\u00a0 ser del meu inter\u00e8s\u00a0 perqu\u00e8 al llibre Dones emprenedores, Palafrugell (1857-1914)&#8230;<\/p>\n","protected":false},"author":1,"featured_media":0,"comment_status":"open","ping_status":"open","sticky":false,"template":"","format":"standard","meta":{"footnotes":""},"categories":[4,6,14],"tags":[1245,1246,1248,1247,1244],"class_list":["post-10370","post","type-post","status-publish","format-standard","hentry","category-diversos","category-terrassa","category-terrassa-pobles","tag-cadastre","tag-de-terrassa","tag-dones-propietaries","tag-homes-propietaris","tag-terrassenques-propietaries-1723"],"_links":{"self":[{"href":"https:\/\/www.rosammasana.com\/index.php?rest_route=\/wp\/v2\/posts\/10370"}],"collection":[{"href":"https:\/\/www.rosammasana.com\/index.php?rest_route=\/wp\/v2\/posts"}],"about":[{"href":"https:\/\/www.rosammasana.com\/index.php?rest_route=\/wp\/v2\/types\/post"}],"author":[{"embeddable":true,"href":"https:\/\/www.rosammasana.com\/index.php?rest_route=\/wp\/v2\/users\/1"}],"replies":[{"embeddable":true,"href":"https:\/\/www.rosammasana.com\/index.php?rest_route=%2Fwp%2Fv2%2Fcomments&post=10370"}],"version-history":[{"count":49,"href":"https:\/\/www.rosammasana.com\/index.php?rest_route=\/wp\/v2\/posts\/10370\/revisions"}],"predecessor-version":[{"id":16092,"href":"https:\/\/www.rosammasana.com\/index.php?rest_route=\/wp\/v2\/posts\/10370\/revisions\/16092"}],"wp:attachment":[{"href":"https:\/\/www.rosammasana.com\/index.php?rest_route=%2Fwp%2Fv2%2Fmedia&parent=10370"}],"wp:term":[{"taxonomy":"category","embeddable":true,"href":"https:\/\/www.rosammasana.com\/index.php?rest_route=%2Fwp%2Fv2%2Fcategories&post=10370"},{"taxonomy":"post_tag","embeddable":true,"href":"https:\/\/www.rosammasana.com\/index.php?rest_route=%2Fwp%2Fv2%2Ftags&post=10370"}],"curies":[{"name":"wp","href":"https:\/\/api.w.org\/{rel}","templated":true}]}}