{"id":12186,"date":"2022-04-05T19:04:46","date_gmt":"2022-04-05T17:04:46","guid":{"rendered":"http:\/\/www.rosammasana.com\/?p=12186"},"modified":"2026-03-27T15:47:46","modified_gmt":"2026-03-27T13:47:46","slug":"la-xemeneia-almirall-de-terrassa","status":"publish","type":"post","link":"https:\/\/www.rosammasana.com\/?p=12186","title":{"rendered":"La xemeneia Almirall de Terrassa."},"content":{"rendered":"<p>Presentem un article en format PDF que parla de la xemeneia Almirall de Terrassa que va ser\u00a0 publicat al Butllet\u00ed d&#8217;Arqueologia Industrial i de Museus de ci\u00e8ncia i T\u00e8cnica, n\u00famero 73 del mes de\u00a0 juliol\u00a0 del 2012 que edita el Museu Nacional\u00a0 de la Ci\u00e8ncia i la T\u00e8cnica de Catalunya <a title=\"MNACTEC\" href=\"https:\/\/mnactec.cat\/ca\">(MNACTEC)<\/a><\/p>\n<h3>\u00a0 Per llegir-lo clicar a :\u00a0 \u00a0<a href=\"http:\/\/www.rosammasana.com\/wp-content\/uploads\/2022\/04\/Mari\u00e0-Masana-MCT.docx\">maria-masana-mct<\/a><\/h3>\n<p>Nou article Publicat a la Revista Terme de l&#8217;any 2019\u00a0 <a href=\"https:\/\/www.rosammasana.com\/?p=7645\">https:\/\/www.rosammasana.com\/?p=7645<\/a><\/p>\n","protected":false},"excerpt":{"rendered":"<p>Presentem un article en format PDF que parla de la xemeneia Almirall de Terrassa que va ser\u00a0 publicat al Butllet\u00ed d&#8217;Arqueologia Industrial i de Museus de ci\u00e8ncia i T\u00e8cnica, n\u00famero 73 del mes de\u00a0 juliol\u00a0 del 2012 que edita el Museu Nacional\u00a0 de la Ci\u00e8ncia i la T\u00e8cnica de Catalunya (MNACTEC) \u00a0 Per llegir-lo clicar&#8230;<\/p>\n","protected":false},"author":3,"featured_media":18560,"comment_status":"open","ping_status":"open","sticky":false,"template":"","format":"standard","meta":{"footnotes":""},"categories":[6,9],"tags":[202,1135,1464,1465,520],"class_list":["post-12186","post","type-post","status-publish","format-standard","has-post-thumbnail","hentry","category-terrassa","category-xemeneies-industrials","tag-guinness","tag-maria-masana-ribas","tag-mnactec","tag-museu-nacional-de-la-ciencia-i-de-la-tecnica-de-catalunya","tag-xemeneia-almirall-de-terrassa"],"_links":{"self":[{"href":"https:\/\/www.rosammasana.com\/index.php?rest_route=\/wp\/v2\/posts\/12186"}],"collection":[{"href":"https:\/\/www.rosammasana.com\/index.php?rest_route=\/wp\/v2\/posts"}],"about":[{"href":"https:\/\/www.rosammasana.com\/index.php?rest_route=\/wp\/v2\/types\/post"}],"author":[{"embeddable":true,"href":"https:\/\/www.rosammasana.com\/index.php?rest_route=\/wp\/v2\/users\/3"}],"replies":[{"embeddable":true,"href":"https:\/\/www.rosammasana.com\/index.php?rest_route=%2Fwp%2Fv2%2Fcomments&post=12186"}],"version-history":[{"count":5,"href":"https:\/\/www.rosammasana.com\/index.php?rest_route=\/wp\/v2\/posts\/12186\/revisions"}],"predecessor-version":[{"id":17124,"href":"https:\/\/www.rosammasana.com\/index.php?rest_route=\/wp\/v2\/posts\/12186\/revisions\/17124"}],"wp:featuredmedia":[{"embeddable":true,"href":"https:\/\/www.rosammasana.com\/index.php?rest_route=\/wp\/v2\/media\/18560"}],"wp:attachment":[{"href":"https:\/\/www.rosammasana.com\/index.php?rest_route=%2Fwp%2Fv2%2Fmedia&parent=12186"}],"wp:term":[{"taxonomy":"category","embeddable":true,"href":"https:\/\/www.rosammasana.com\/index.php?rest_route=%2Fwp%2Fv2%2Fcategories&post=12186"},{"taxonomy":"post_tag","embeddable":true,"href":"https:\/\/www.rosammasana.com\/index.php?rest_route=%2Fwp%2Fv2%2Ftags&post=12186"}],"curies":[{"name":"wp","href":"https:\/\/api.w.org\/{rel}","templated":true}]}}