{"id":13941,"date":"2023-05-22T17:49:47","date_gmt":"2023-05-22T15:49:47","guid":{"rendered":"http:\/\/www.rosammasana.com\/?p=13941"},"modified":"2026-02-01T17:25:57","modified_gmt":"2026-02-01T15:25:57","slug":"la-casa-de-socors-o-centres-medics-de-terrassa-1882-1960","status":"publish","type":"post","link":"https:\/\/www.rosammasana.com\/?p=13941","title":{"rendered":"La Casa de Socors o Centres M\u00e8dics de Terrassa (1882-1960)"},"content":{"rendered":"<p style=\"text-align: justify;\">Pel que fa a les cases de Socors o Centres M\u00e8dics se\u2019n han fet algunes publicacions, van ser creats per atendre a les persones que tenien algun problema de salut o havien patit un accident quan encara el sistema sanitari p\u00fablic estava poc desenvolupat.<\/p>\n<p style=\"text-align: justify;\">Joaquim Verdaguer en el seu bloc explica que el primer Centre M\u00e8dic que hi va haver a Terrassa \u00a0va ser creat per iniciativa d\u2019alguns ciutats i dels metges Ull\u00e9s, Aregall, Morera, Pous , Aymerich, Pujals i Calsina, el centre \u00a0estava situat al carrer de la Palla n\u00famero 7 i va ser inaugurat el 15 de setembre de l\u2019any 1882.<\/p>\n<p style=\"text-align: justify;\">Aquest Centre M\u00e9dic va canviar diverses vegades de lloc, va estar\u00a0 al carrer de la Palla,\u00a0 als baixos de l&#8217; antic Ajuntament im\u00e9s tard tamb\u00e9 va ser ubicat al\u00a0 \u00a0nou\u00a0 Ajuntament fins i tot va ser traslladat on ara es coneix pel Mercat de la Independ\u00e8ncia, fins que va tenir un edifici propi ara desaparegut, el\u00a0 inmmoble\u00a0 \u00a0modernista que\u00a0 estava situat fent cantonada entre els carrers Sant Quirze i Baldrich.\u00a0 Enderrocat aquest\u00a0 les urg\u00e8ncies van passar a ser ateses al hospital de sant Ll\u00e0tzer, d\u2019aqu\u00ed va\u00a0 passar a la cl\u00ednica Maternal del carrer de la Uni\u00f3i i\u00a0 l&#8217;\u2019any 1907 va fer una nova mudan\u00e7a\u00a0 allotjar-se\u00a0 l\u2019 Hospital-Cl\u00ednica del Remei on hi va estar fins l\u2019any 1960 aproximadament.<\/p>\n<p style=\"text-align: justify;\">Presentem un\u00a0 gr\u00e0fic-esborrany, nom\u00e9s per situar-nos\u00a0 vers els llocs on van estar situades les Cases de Socors de la ciutat des del l\u2019any 1882 fins el 1907, a partir d&#8217;aquest any no va fer cap m\u00e9s trasp\u00e0s de lloc.<\/p>\n<figure id=\"attachment_13942\" aria-describedby=\"caption-attachment-13942\" style=\"width: 300px\" class=\"wp-caption alignleft\"><a href=\"http:\/\/www.rosammasana.com\/wp-content\/uploads\/2023\/05\/Cases-de-Socorrs.jpg\"><img loading=\"lazy\" decoding=\"async\" class=\"size-medium wp-image-13942\" title=\"cases-de-socorrs\" src=\"http:\/\/www.rosammasana.com\/wp-content\/uploads\/2023\/05\/Cases-de-Socorrs-300x201.jpg\" alt=\"\" width=\"300\" height=\"201\" srcset=\"https:\/\/www.rosammasana.com\/wp-content\/uploads\/2023\/05\/Cases-de-Socorrs-300x201.jpg 300w, https:\/\/www.rosammasana.com\/wp-content\/uploads\/2023\/05\/Cases-de-Socorrs.jpg 601w\" sizes=\"(max-width: 300px) 100vw, 300px\" \/><\/a><figcaption id=\"caption-attachment-13942\" class=\"wp-caption-text\"><span style=\"font-size: 80%;\"><em>Esquema de Cases de Socors i Centres M\u00e8dics de Terrassa 1882-1960. Anys no investigats<\/em><\/span><\/figcaption><\/figure>\n<p style=\"text-align: justify;\">De fet, el motiu d\u2019escriure aquesta cr\u00f2nica nom\u00e9s era pel fet de voler explicar una experi\u00e8ncia personal viscuda al Centre M\u00e8dic de la Cl\u00ednica del Remei l\u2019any 1953, quan tenia vuit anys.<\/p>\n<p style=\"text-align: justify;\">De bastant petita em volia comprar una bicicleta per\u00f2 els diners dels versos de Nadal no donaven prou per acomplir aquell amibici\u00f2s projecte infantil, en Pinyol del carrer Arqu\u00edmedes m\u2019havia dit que una bicicleta valia 1000 pessetes. B\u00e9 al cas explicar una anecdota recent viscuda relacionada amb les mil pessetes. estava comprant a un tenda de comestible on hi havia una senyora d&#8217;una edat semblant a la meva\u00a0 la meva, esgarrifada va comentar que com podia ser que una dotzena d\u2019ous ecol\u00f2gics valguessin l&#8217;equivalent a 1000 pessetes de les d&#8217;abans. Vaig pensar, el que costava una bicicleta.<\/p>\n<p style=\"text-align: justify;\">El meu germ\u00e0 Mari\u00e0 un dia em va donar una gran sorpresa, es va presentar a casa amb una flamat bicicleta. Amb ella anava a la vinya amb el meu pare, ell a peu, per la qual cosa feia un tro\u00e7 de cam\u00ed d&#8217;anada i tornada\u00a0 anar all\u00e0 on ell era diverses vegades.<\/p>\n<p style=\"text-align: justify;\">\u00a0Un d\u2019aquells dies, a nivell de \u00a0l\u2019Hostal del Fum de Terrassa hi havia un carro aturat a la vorera, el vaig passar i just quan estava a nivell del coll del cavall, el carreter va estirar les rendes diguent-li\u00a0 arri\u00a0 i\u00a0 el cavall suposo que no em va poder esquivar, la bicicleta va quedar axafada i amb algun ferro d&#8217;aquesta\u00a0 em vaig \u00a0fer una ferida important a la part interna de la cuixa dreta.<\/p>\n<p style=\"text-align: justify;\">Sagnava abundantment i una senyora va venir amb un llen\u00e7ol, el va doblegat i em va comprimir la ferida donant varies voltes al maluc. Un senyor amb el seu cotxe\u00a0 ens va portar al pare i a mi al Centre M\u00e8dic de l\u2019 Hospital de Sant Ll\u00e0tzer.\u00a0 El llen\u00e7ol \u00a0va arribar completament xop de sang.<\/p>\n<p style=\"text-align: justify;\">El metge no va perdre el temps i em va suturar la ferida directament, vull dir sense anestesia, les pinces que usava se\u2019m clavaven com garfis i les puntades de la agulla junt amb el pas del fil per entremig de la carn em produ\u00efa un dolor dif\u00edcil d\u2019aguantar, plorava per\u00f2 tamb\u00e9 hem queien ll\u00e0grimes seques de dolor.<\/p>\n<figure id=\"attachment_13943\" aria-describedby=\"caption-attachment-13943\" style=\"width: 150px\" class=\"wp-caption alignright\"><a href=\"http:\/\/www.rosammasana.com\/wp-content\/uploads\/2023\/05\/Agulles.jpg\"><img loading=\"lazy\" decoding=\"async\" class=\"size-thumbnail wp-image-13943\" title=\"agulles\" src=\"http:\/\/www.rosammasana.com\/wp-content\/uploads\/2023\/05\/Agulles-150x150.jpg\" alt=\"\" width=\"150\" height=\"150\" \/><\/a><figcaption id=\"caption-attachment-13943\" class=\"wp-caption-text\"><span style=\"font-size: 80%;\"><em>Esquema del tipus d&#8217;agullesper a sutures quir\u00fargiques<\/em><\/span><\/figcaption><\/figure>\n<p style=\"text-align: justify;\">Em va posar sis punts o sigui que va haver de fer dotze punxades amb una agulla que de les que anomenem traum\u00e0tiques n d&#8217;aquelles que el fil entra a presi\u00f3 i en passen dos cada vegada,\u00a0 a m\u00e9s la ferida estava a una zona molt sensible. Em va sortir \u00a0un morat que s&#8217; extengu\u00e9 cap a la pelvis i fins a mitja cama. Va ser terrible.<\/p>\n<p style=\"text-align: justify;\">Alguna vegada havia pensat amb aquest incident i volia trobar una explicaci\u00f3 del perqu\u00e8 el metge havia actuat d\u2019aquella manera, arribant a la conclusi\u00f3 que podia ser degut a que\u00a0 fos per la gravetat del sagnat, perqu\u00e8 estava sol, no disposava de cap infermera i tamb, qui sap, si no disposava\u00a0 d\u2019injectables d\u2019anest\u00e8sia local, no ho podem saber, si que podem dir que la cura podia semblar-se a un dispensari de guerra.<\/p>\n<p style=\"text-align: justify;\">Com s\u00f3n\u00a0 les sincronicitats, quan de m\u00e9s gran vaig anar a treballar d\u2019infermera al serccei d&#8217;urg\u00e8ncies de la M\u00fatua de Terrassa vaig coincidir amb el metge traumat\u00f2leg que m&#8217;havia fet de la sutura. Ell l\u00f2gicament despr\u00e8s de tants anys no em va recon\u00e8ixer per\u00f2, jo a ell s\u00ed sabent tamb\u00e9 que havia treballat a Centre M\u00e9dic.\u00a0 No li vaig fer cap comentari, era un fet passat per\u00f2 no deixa de ser curi\u00f2s, amb tot l&#8217;he d&#8217;estar agraida perque de la manera que sagnava la cuixa de no fer res, es possible que ara com es diu, no ho pogu\u00e8s explicar.<\/p>\n<p>&nbsp;<\/p>\n<figure id=\"attachment_13961\" aria-describedby=\"caption-attachment-13961\" style=\"width: 300px\" class=\"wp-caption aligncenter\"><a href=\"http:\/\/www.rosammasana.com\/wp-content\/uploads\/2023\/05\/Cl\u00ednica-del-Remei.jpg\"><img loading=\"lazy\" decoding=\"async\" class=\"size-medium wp-image-13961\" title=\"clinica-del-remei\" src=\"http:\/\/www.rosammasana.com\/wp-content\/uploads\/2023\/05\/Cl\u00ednica-del-Remei-300x239.jpg\" alt=\"\" width=\"300\" height=\"239\" srcset=\"https:\/\/www.rosammasana.com\/wp-content\/uploads\/2023\/05\/Cl\u00ednica-del-Remei-300x239.jpg 300w, https:\/\/www.rosammasana.com\/wp-content\/uploads\/2023\/05\/Cl\u00ednica-del-Remei-650x519.jpg 650w, https:\/\/www.rosammasana.com\/wp-content\/uploads\/2023\/05\/Cl\u00ednica-del-Remei.jpg 1500w\" sizes=\"(max-width: 300px) 100vw, 300px\" \/><\/a><figcaption id=\"caption-attachment-13961\" class=\"wp-caption-text\"><em><span style=\"font-size: 80%;\">Cl\u00ednica Ntra. Senyora del Remei a la esquerra la torre de l&#8217;aigua i al costat el servei de Rehabilitaci\u00f3<\/span><\/em><\/figcaption><\/figure>\n<p>&nbsp;<\/p>\n<figure id=\"attachment_18215\" aria-describedby=\"caption-attachment-18215\" style=\"width: 229px\" class=\"wp-caption aligncenter\"><a href=\"https:\/\/www.rosammasana.com\/?attachment_id=18215#main\" rel=\"attachment wp-att-18215\"><img loading=\"lazy\" decoding=\"async\" class=\"size-medium wp-image-18215\" src=\"http:\/\/www.rosammasana.com\/wp-content\/uploads\/2023\/05\/Sant-Llatzer-229x300.jpg\" alt=\"\" width=\"229\" height=\"300\" srcset=\"https:\/\/www.rosammasana.com\/wp-content\/uploads\/2023\/05\/Sant-Llatzer-229x300.jpg 229w, https:\/\/www.rosammasana.com\/wp-content\/uploads\/2023\/05\/Sant-Llatzer-497x650.jpg 497w, https:\/\/www.rosammasana.com\/wp-content\/uploads\/2023\/05\/Sant-Llatzer-768x1004.jpg 768w, https:\/\/www.rosammasana.com\/wp-content\/uploads\/2023\/05\/Sant-Llatzer.jpg 1047w\" sizes=\"(max-width: 229px) 100vw, 229px\" \/><\/a><figcaption id=\"caption-attachment-18215\" class=\"wp-caption-text\">Centenari de l&#8217;Hospital de Sant Ll\u00e0tzer de Terrassa, 1886-1986<\/figcaption><\/figure>\n<p>&nbsp;<\/p>\n<p>&nbsp;<\/p>\n<p>&nbsp;<\/p>\n<p>&nbsp;<\/p>\n<p>&nbsp;<\/p>\n<p>&nbsp;<\/p>\n<p>&nbsp;<\/p>\n<p>&nbsp;<\/p>\n<p>&nbsp;<\/p>\n<p>&nbsp;<\/p>\n<p>&nbsp;<\/p>\n<p>&nbsp;<\/p>\n<p>&nbsp;<\/p>\n","protected":false},"excerpt":{"rendered":"<p>Pel que fa a les cases de Socors o Centres M\u00e8dics se\u2019n han fet algunes publicacions, van ser creats per atendre a les persones que tenien algun problema de salut o havien patit un accident quan encara el sistema sanitari p\u00fablic estava poc desenvolupat. Joaquim Verdaguer en el seu bloc explica que el primer Centre&#8230;<\/p>\n","protected":false},"author":3,"featured_media":0,"comment_status":"open","ping_status":"open","sticky":false,"template":"","format":"standard","meta":{"footnotes":""},"categories":[4,32,6],"tags":[1661,1662,1664,1842],"class_list":["post-13941","post","type-post","status-publish","format-standard","hentry","category-diversos","category-miscel-lania","category-terrassa","tag-cases-de-socors","tag-centres-medics","tag-sutura-al-viu","tag-terrassa"],"_links":{"self":[{"href":"https:\/\/www.rosammasana.com\/index.php?rest_route=\/wp\/v2\/posts\/13941"}],"collection":[{"href":"https:\/\/www.rosammasana.com\/index.php?rest_route=\/wp\/v2\/posts"}],"about":[{"href":"https:\/\/www.rosammasana.com\/index.php?rest_route=\/wp\/v2\/types\/post"}],"author":[{"embeddable":true,"href":"https:\/\/www.rosammasana.com\/index.php?rest_route=\/wp\/v2\/users\/3"}],"replies":[{"embeddable":true,"href":"https:\/\/www.rosammasana.com\/index.php?rest_route=%2Fwp%2Fv2%2Fcomments&post=13941"}],"version-history":[{"count":23,"href":"https:\/\/www.rosammasana.com\/index.php?rest_route=\/wp\/v2\/posts\/13941\/revisions"}],"predecessor-version":[{"id":18216,"href":"https:\/\/www.rosammasana.com\/index.php?rest_route=\/wp\/v2\/posts\/13941\/revisions\/18216"}],"wp:attachment":[{"href":"https:\/\/www.rosammasana.com\/index.php?rest_route=%2Fwp%2Fv2%2Fmedia&parent=13941"}],"wp:term":[{"taxonomy":"category","embeddable":true,"href":"https:\/\/www.rosammasana.com\/index.php?rest_route=%2Fwp%2Fv2%2Fcategories&post=13941"},{"taxonomy":"post_tag","embeddable":true,"href":"https:\/\/www.rosammasana.com\/index.php?rest_route=%2Fwp%2Fv2%2Ftags&post=13941"}],"curies":[{"name":"wp","href":"https:\/\/api.w.org\/{rel}","templated":true}]}}