{"id":14045,"date":"2023-07-11T16:43:59","date_gmt":"2023-07-11T14:43:59","guid":{"rendered":"http:\/\/www.rosammasana.com\/?p=14045"},"modified":"2025-02-28T18:03:03","modified_gmt":"2025-02-28T16:03:03","slug":"la-xemeneia-de-la-bobila-almirall-noves-aportacions","status":"publish","type":"post","link":"https:\/\/www.rosammasana.com\/?p=14045","title":{"rendered":"La xemeneia de la B\u00f2bila Almirall. Noves aportacions i rememoraci\u00f3"},"content":{"rendered":"<figure id=\"attachment_14050\" aria-describedby=\"caption-attachment-14050\" style=\"width: 160px\" class=\"wp-caption alignleft\"><a href=\"http:\/\/www.rosammasana.com\/wp-content\/uploads\/2023\/07\/Mari\u00e0-i-Mari-2.jpg\"><img loading=\"lazy\" decoding=\"async\" class=\"size-medium wp-image-14050\" title=\"maria-i-mari-2\" src=\"http:\/\/www.rosammasana.com\/wp-content\/uploads\/2023\/07\/Mari\u00e0-i-Mari-2-160x300.jpg\" alt=\"\" width=\"160\" height=\"300\" srcset=\"https:\/\/www.rosammasana.com\/wp-content\/uploads\/2023\/07\/Mari\u00e0-i-Mari-2-160x300.jpg 160w, https:\/\/www.rosammasana.com\/wp-content\/uploads\/2023\/07\/Mari\u00e0-i-Mari-2-348x650.jpg 348w\" sizes=\"(max-width: 160px) 100vw, 160px\" \/><\/a><figcaption id=\"caption-attachment-14050\" class=\"wp-caption-text\">Mari\u00e0 Masana i Maria Hierro, la seva muller, 1957<\/figcaption><\/figure>\n<p style=\"text-align: justify;\">L&#8217;any 1999 v\u00e0rem escriure un article a la revista Terme n\u00famero\u00a0 14\u00a0 que edita l&#8217; Arxiu Hist\u00f2ric Comarcal del Vall\u00e8s Occidental (AHCVO)\u00a0 titulat:\u00a0 <a title=\"Els constructors de la xemeneia de la bobila Almirall\" href=\"http:\/\/www.rosammasana.com\/wp-content\/uploads\/2014\/12\/40696-122382-1-PB2.pdf\">Els constructors de la\u00a0 xemeneia de la b\u00f2bila Almirall de Terrassa.<\/a><\/p>\n<p style=\"text-align: justify;\">Passats divuit\u00a0 anys d&#8217;aquesta publicaci\u00f3, l&#8217;any 2019\u00a0 novament\u00a0 v\u00e0rem editat un\u00a0 article a la mateixa revista\u00a0 n\u00famero 34 titulat: <a title=\"Noves aportacions, Xemeneia Almirall\" href=\"370323-text-de-larticle-556676-1-10-20210408\">La xemeneia de la b\u00f2bila Almirall.<\/a> Noves aportacions.<\/p>\n<p style=\"text-align: justify;\">Hem considerat adjuntar-los en aquesta p\u00e0gina amb l&#8217;objectiu de facilitar la coneixen\u00e7a d&#8217;aquesta pe\u00e7a donat que rememoren per persones que van fer possible la exist\u00e8ncia d&#8217;aquesta singulat xemenei industrial.\u00a0 Dins aquest bloc hi ha m\u00e9s informaci\u00f3 relacionada amb la xemeneia Almirall, posant aquests non sortir\u00e0.<\/p>\n<p style=\"text-align: justify;\">Incorporem una imatge de les sis persones que van fer possible aquesta obra,\u00a0 van ser: l&#8217;empresari de la b\u00f2bila Francesc Almirall Lupi, el mestre d&#8217;obres Mari\u00e0 Masana Ribas, l&#8217;oficial paleta Lucas P\u00e9rez Molina, l&#8217;altre oficial paleta Jos\u00e9 Fauquet Cons i els\u00a0 manobres Paulino Carbajal\u00a0 Garc\u00eda i Francisco G\u00e1lvez Quesada.<\/p>\n<div class=\"mceTemp mceIEcenter\">Esta inscrita al <a title=\"MCTC\" href=\"https:\/\/150elements.mnactec.cat\/company\/xemeneia-de-la-bobila-almirall\/\">Patrimoni del Museu de la Ci\u00e8ncia i la T\u00e8cnica de Catalunya<\/a>\u00a0 \u00a0<a title=\"Inventaria Patrimini Arquit\u00e8ct\u00f2nic de Catalunya, No xemeneia Almirall\" href=\"https:\/\/invarquit.cultura.gencat.cat\/search-result\"> Al cercador del Inventari del Patrimoni Arquitect\u00f2nic de Catalunya. <span style=\"color: #000000;\"><strong>No hi consta<\/strong><\/span><\/a><\/div>\n<div class=\"mceTemp mceIEcenter\">\u00a0 \u00a0 \u00a0 \u00a0 \u00a0 \u00a0 \u00a0 \u00a0 \u00a0 \u00a0 \u00a0 \u00a0 \u00a0 \u00a0 \u00a0 \u00a0 \u00a0 \u00a0 \u00a0 \u00a0 \u00a0 \u00a0 \u00a0 \u00a0 \u00a0 \u00a0 \u00a0 \u00a0 \u00a0 \u00a0 \u00a0 \u00a0 \u00a0 \u00a0 \u00a0 \u00a0 \u00a0 \u00a0 \u00a0 \u00a0 \u00a0 \u00a0 \u00a0 \u00a0 \u00a0 \u00a0 \u00a0 \u00a0 \u00a0 \u00a0 \u00a0 \u00a0 \u00a0 \u00a0 \u00a0 \u00a0 \u00a0 \u00a0 \u00a0 \u00a0 \u00a0 \u00a0 \u00a0 \u00a0 \u00a0 \u00a0 \u00a0 \u00a0 \u00a0 \u00a0 \u00a0 \u00a0 \u00a0 \u00a0 \u00a0 \u00a0 \u00a0 \u00a0 \u00a0 \u00a0 \u00a0 \u00a0 \u00a0 \u00a0 \u00a0 \u00a0 \u00a0 \u00a0 \u00a0 \u00a0 \u00a0 \u00a0 \u00a0 \u00a0 \u00a0 \u00a0 \u00a0 \u00a0 \u00a0 \u00a0 \u00a0 \u00a0 \u00a0 \u00a0 \u00a0 \u00a0 \u00a0 \u00a0 \u00a0 \u00a0 \u00a0 \u00a0 \u00a0 \u00a0 \u00a0 \u00a0 \u00a0 \u00a0 \u00a0 \u00a0 \u00a0 \u00a0 \u00a0 \u00a0 \u00a0 \u00a0 \u00a0 \u00a0 \u00a0 \u00a0 \u00a0 \u00a0 \u00a0 \u00a0 \u00a0 \u00a0 \u00a0<strong>29-5-2024, com \u00e9s ?<\/strong><\/div>\n<figure id=\"attachment_14072\" aria-describedby=\"caption-attachment-14072\" style=\"width: 650px\" class=\"wp-caption aligncenter\"><a href=\"http:\/\/www.rosammasana.com\/wp-content\/uploads\/2023\/07\/Possible-xem-.jpg\"><img loading=\"lazy\" decoding=\"async\" class=\"size-large wp-image-14072\" title=\"possible-xem\" src=\"http:\/\/www.rosammasana.com\/wp-content\/uploads\/2023\/07\/Possible-xem--650x432.jpg\" alt=\"\" width=\"650\" height=\"432\" srcset=\"https:\/\/www.rosammasana.com\/wp-content\/uploads\/2023\/07\/Possible-xem--650x432.jpg 650w, https:\/\/www.rosammasana.com\/wp-content\/uploads\/2023\/07\/Possible-xem--300x199.jpg 300w, https:\/\/www.rosammasana.com\/wp-content\/uploads\/2023\/07\/Possible-xem-.jpg 766w\" sizes=\"(max-width: 650px) 100vw, 650px\" \/><\/a><figcaption id=\"caption-attachment-14072\" class=\"wp-caption-text\">Persones que van fer possible la Xemeneia Almirall<\/figcaption><\/figure>\n<p>&nbsp;<\/p>\n<p>L&#8217;any\u00a0 1991 per la Festa Mayor\u00a0 de Terrassa i\u00a0 al\u00a0 barri de la Maurina on est\u00e0 ubicada la xemenia de la b\u00f3bila Almirall, l&#8217;Ajuntament va voler fer un homenatge a\u00a0 les sis persones\u00a0 protagonistes de la obra donat tamb\u00e9\u00a0 que\u00a0 havia estat considerada internacionalment com\u00a0 la xemeneia amb escales de cargol m\u00e9s alta del mon. -63 metres-<\/p>\n<p>No totes les persones van poder recollir personalment el premi degut que la majoria ens havia deixat , si que el va acceptar\u00a0 personalment\u00a0 Jos\u00e9 Fauquet, dels altres participant de la obra\u00a0 que no hi\u00a0 van ser presents, va ser\u00a0 a un familiar al\u00a0 qui se l&#8217;va fer entrega.\u00a0 L&#8217;obsequi\u00a0 va consistir en un llibre que parla del Patrimoni estructural de la ciutat i una pe\u00e7a de cer\u00e0mica de disseny exclussiu feta per&#8230;\u00a0 del comer\u00e7 Pont del Gall de Terrassa.<\/p>\n<figure id=\"attachment_14074\" aria-describedby=\"caption-attachment-14074\" style=\"width: 650px\" class=\"wp-caption aligncenter\"><a href=\"http:\/\/www.rosammasana.com\/wp-content\/uploads\/2023\/07\/Reconeixement-autors-xemeneia.jpg\"><img loading=\"lazy\" decoding=\"async\" class=\"size-large wp-image-14074\" title=\"reconeixement-autors-xemeneia\" src=\"http:\/\/www.rosammasana.com\/wp-content\/uploads\/2023\/07\/Reconeixement-autors-xemeneia-650x424.jpg\" alt=\"\" width=\"650\" height=\"424\" srcset=\"https:\/\/www.rosammasana.com\/wp-content\/uploads\/2023\/07\/Reconeixement-autors-xemeneia-650x424.jpg 650w, https:\/\/www.rosammasana.com\/wp-content\/uploads\/2023\/07\/Reconeixement-autors-xemeneia-300x195.jpg 300w\" sizes=\"(max-width: 650px) 100vw, 650px\" \/><\/a><figcaption id=\"caption-attachment-14074\" class=\"wp-caption-text\">Acte de reconeixement per als autors de la edificaci\u00f3\u00a0 de la singular xemeneia amb escales de cargol. Les sis persones del davant\u00a0 som els que varem\u00a0 rebre, com es pot veure,\u00a0 la escultura de la xemeneia Almirall\u00a0 amb la muntanya de Sant\u00a0 Lloren\u00e7 al fons.<\/figcaption><\/figure>\n<p>&nbsp;<\/p>\n<p>Hem localitzat\u00a0 una imatge de la Xemeneia Almirall feta per <strong>Miquel Calvet<\/strong>\u00a0 publicada al Diari de Terrassa del dia 27 de desembre de l&#8217;any 2022 en motiu de ser la guanyadora de la primera edici\u00f3 del Concurs Fotogr\u00e0fic de la Delegaci\u00f3 de Vall\u00e8s dels Inginiers Industrials de Catalunya.<\/p>\n<figure id=\"attachment_14112\" aria-describedby=\"caption-attachment-14112\" style=\"width: 300px\" class=\"wp-caption aligncenter\"><a href=\"http:\/\/www.rosammasana.com\/wp-content\/uploads\/2023\/07\/Almirall-foto-Miquel-Calvet.jpg\"><img loading=\"lazy\" decoding=\"async\" class=\"size-medium wp-image-14112\" title=\"almirall-foto-miquel-calvet\" src=\"http:\/\/www.rosammasana.com\/wp-content\/uploads\/2023\/07\/Almirall-foto-Miquel-Calvet-300x156.jpg\" alt=\"\" width=\"300\" height=\"156\" srcset=\"https:\/\/www.rosammasana.com\/wp-content\/uploads\/2023\/07\/Almirall-foto-Miquel-Calvet-300x156.jpg 300w, https:\/\/www.rosammasana.com\/wp-content\/uploads\/2023\/07\/Almirall-foto-Miquel-Calvet-650x339.jpg 650w, https:\/\/www.rosammasana.com\/wp-content\/uploads\/2023\/07\/Almirall-foto-Miquel-Calvet.jpg 666w\" sizes=\"(max-width: 300px) 100vw, 300px\" \/><\/a><figcaption id=\"caption-attachment-14112\" class=\"wp-caption-text\">Foto guanyadora feta per Miquel Calvet, desembre 2022<\/figcaption><\/figure>\n<p>Una nova imatge de la Xemeneia Almirall\u00a0 feta per <strong>Santi Alonso\u00a0<\/strong> que ha estat seleccionada aquest m\u00e9s de juliol del 2023 per la Oficina de Turisme de Terrassa com a imatge delmes, ha estat\u00a0 publicada a la p\u00e0gina de la Oficina.<\/p>\n<p>Vigilar ! El guanyador d&#8217;un premi per una fotografia que no\u00a0 hem incorporat en aquesta p\u00e0gina, s&#8217;atribu\u00efa\u00a0 l&#8217;autoria de la construcci\u00f3 de la\u00a0 xemeneia, dient amb singular que l&#8217;havia fet el seu avi, el cognom del fot\u00f2graf\u00a0 no correspon a cap dels constructors que van treballar per edificar la xemeneia. Abans de ser inscrita al llibre de R\u00e8cords Guinness, v\u00e0rem fer exhaustives\u00a0 investigacions per evitar\u00a0 deixar-nos a algun dels constructors que van intervenir en aquesta obra.<\/p>\n<figure id=\"attachment_15319\" aria-describedby=\"caption-attachment-15319\" style=\"width: 300px\" class=\"wp-caption alignright\"><a href=\"http:\/\/www.rosammasana.com\/wp-content\/uploads\/2023\/07\/33-modificado-.jpg\"><img loading=\"lazy\" decoding=\"async\" class=\"size-medium wp-image-15319\" title=\"33-modificado\" src=\"http:\/\/www.rosammasana.com\/wp-content\/uploads\/2023\/07\/33-modificado--300x233.jpg\" alt=\"\" width=\"300\" height=\"233\" srcset=\"https:\/\/www.rosammasana.com\/wp-content\/uploads\/2023\/07\/33-modificado--300x233.jpg 300w, https:\/\/www.rosammasana.com\/wp-content\/uploads\/2023\/07\/33-modificado--650x505.jpg 650w, https:\/\/www.rosammasana.com\/wp-content\/uploads\/2023\/07\/33-modificado-.jpg 702w\" sizes=\"(max-width: 300px) 100vw, 300px\" \/><\/a><figcaption id=\"caption-attachment-15319\" class=\"wp-caption-text\">Modificacions de la xemeneia Almirall amb color s (Rosa M. Masana)<\/figcaption><\/figure>\n<p>&nbsp;<\/p>\n<p><a style=\"background-color: #f3f3f3; text-align: center;\" href=\"http:\/\/www.rosammasana.com\/wp-content\/uploads\/2023\/07\/Almirall-foto-Santi-Alonso.jpg\"><img loading=\"lazy\" decoding=\"async\" class=\"size-medium wp-image-14114\" title=\"almirall-foto-santi-alonso\" src=\"http:\/\/www.rosammasana.com\/wp-content\/uploads\/2023\/07\/Almirall-foto-Santi-Alonso-213x300.jpg\" alt=\"\" width=\"213\" height=\"300\" srcset=\"https:\/\/www.rosammasana.com\/wp-content\/uploads\/2023\/07\/Almirall-foto-Santi-Alonso-213x300.jpg 213w, https:\/\/www.rosammasana.com\/wp-content\/uploads\/2023\/07\/Almirall-foto-Santi-Alonso.jpg 274w\" sizes=\"(max-width: 213px) 100vw, 213px\" \/><\/a>Santi Alonso, juliol 2023<\/p>\n<div class=\"mceTemp mceIEcenter\"><\/div>\n","protected":false},"excerpt":{"rendered":"<p>L&#8217;any 1999 v\u00e0rem escriure un article a la revista Terme n\u00famero\u00a0 14\u00a0 que edita l&#8217; Arxiu Hist\u00f2ric Comarcal del Vall\u00e8s Occidental (AHCVO)\u00a0 titulat:\u00a0 Els constructors de la\u00a0 xemeneia de la b\u00f2bila Almirall de Terrassa. Passats divuit\u00a0 anys d&#8217;aquesta publicaci\u00f3, l&#8217;any 2019\u00a0 novament\u00a0 v\u00e0rem editat un\u00a0 article a la mateixa revista\u00a0 n\u00famero 34 titulat: La xemeneia&#8230;<\/p>\n","protected":false},"author":3,"featured_media":17109,"comment_status":"open","ping_status":"open","sticky":false,"template":"","format":"standard","meta":{"footnotes":""},"categories":[6,10],"tags":[83,1679,1677,1135,409,1842,1680,408,1678],"class_list":["post-14045","post","type-post","status-publish","format-standard","has-post-thumbnail","hentry","category-terrassa","category-terrassa-xemeneies-industrials","tag-constructors-2","tag-mari-hierro","tag-mari-hierro-fibla","tag-maria-masana-ribas","tag-record-guinness","tag-terrassa","tag-terrassa-almirall","tag-xemeneia-almirall","tag-xemeneia-bobila-almirall"],"_links":{"self":[{"href":"https:\/\/www.rosammasana.com\/index.php?rest_route=\/wp\/v2\/posts\/14045"}],"collection":[{"href":"https:\/\/www.rosammasana.com\/index.php?rest_route=\/wp\/v2\/posts"}],"about":[{"href":"https:\/\/www.rosammasana.com\/index.php?rest_route=\/wp\/v2\/types\/post"}],"author":[{"embeddable":true,"href":"https:\/\/www.rosammasana.com\/index.php?rest_route=\/wp\/v2\/users\/3"}],"replies":[{"embeddable":true,"href":"https:\/\/www.rosammasana.com\/index.php?rest_route=%2Fwp%2Fv2%2Fcomments&post=14045"}],"version-history":[{"count":40,"href":"https:\/\/www.rosammasana.com\/index.php?rest_route=\/wp\/v2\/posts\/14045\/revisions"}],"predecessor-version":[{"id":17110,"href":"https:\/\/www.rosammasana.com\/index.php?rest_route=\/wp\/v2\/posts\/14045\/revisions\/17110"}],"wp:featuredmedia":[{"embeddable":true,"href":"https:\/\/www.rosammasana.com\/index.php?rest_route=\/wp\/v2\/media\/17109"}],"wp:attachment":[{"href":"https:\/\/www.rosammasana.com\/index.php?rest_route=%2Fwp%2Fv2%2Fmedia&parent=14045"}],"wp:term":[{"taxonomy":"category","embeddable":true,"href":"https:\/\/www.rosammasana.com\/index.php?rest_route=%2Fwp%2Fv2%2Fcategories&post=14045"},{"taxonomy":"post_tag","embeddable":true,"href":"https:\/\/www.rosammasana.com\/index.php?rest_route=%2Fwp%2Fv2%2Ftags&post=14045"}],"curies":[{"name":"wp","href":"https:\/\/api.w.org\/{rel}","templated":true}]}}