{"id":14348,"date":"2023-09-19T11:55:16","date_gmt":"2023-09-19T09:55:16","guid":{"rendered":"http:\/\/www.rosammasana.com\/?p=14348"},"modified":"2025-03-07T23:09:40","modified_gmt":"2025-03-07T21:09:40","slug":"isabel-bayo-infermera-a-mutua-de-terrassa-als-anys-60","status":"publish","type":"post","link":"https:\/\/www.rosammasana.com\/?p=14348","title":{"rendered":"Isabel Bayo, infermera a M\u00fatua de Terrassa als anys 60"},"content":{"rendered":"<p style=\"text-align: justify;\">Tinc una estanteria repleta de llibres i fotografies; \u00e9s llarga i arriba fins al sostre. Potser \u00e9s que estic afectada pel s\u00edndrome de Di\u00f2genes, per la mania que tinc de guardar una cosa i l\u2019altra. Decidida a tornar a fer endre\u00e7a, en un parell d\u2019ocasions vaig fer l\u2019esfor\u00e7 de donar dues caixes de llibres, per\u00f2 encara que els regalis \u00e9s poc probable que alg\u00fa els vulgui, encara menys si \u00e9s una enciclop\u00e8dia.<\/p>\n<div class=\"mceTemp\" style=\"text-align: justify;\">\n<figure id=\"attachment_14349\" aria-describedby=\"caption-attachment-14349\" style=\"width: 150px\" class=\"wp-caption alignleft\"><a href=\"http:\/\/www.rosammasana.com\/wp-content\/uploads\/2023\/09\/Helen-Keller.jpg\"><img loading=\"lazy\" decoding=\"async\" class=\"size-thumbnail wp-image-14349\" title=\"helen-keller\" src=\"http:\/\/www.rosammasana.com\/wp-content\/uploads\/2023\/09\/Helen-Keller-150x150.jpg\" alt=\"\" width=\"150\" height=\"150\" \/><\/a><figcaption id=\"caption-attachment-14349\" class=\"wp-caption-text\"><em><span style=\"font-size: 85%;\">El llibre regalat per Isabel\u00a0 Bayo a Rosa Masana<\/span><\/em><\/figcaption><\/figure>\n<p>Mentre seleccionava els llibres, amb una gran resist\u00e8ncia a desprendre-me\u2019n, en va apar\u00e8ixer un que duia per nom <em>Helen Keller,<\/em> i que estava signat, a les primeres p\u00e0gines, per Isabel Bayo, que me\u2019l va regalar el 28 de desembre del 1974. La Isabel era adjunta d\u2019infermeria a l\u2019hospital de M\u00fatua de Terrassa, \u00a0durant el per\u00edode\u00a0 de temps que en era cap del servei Maria Llobet.<\/p>\n<\/div>\n<p style=\"text-align: justify;\">Vaig rellegir el llibre en diagonal i mentalment vaig tornar a entendre el drama personal que suposa no poder veure-hi amb els ulls ni sentir el que diuen. Abans potser tamb\u00e9 ho havia percebut, per\u00f2 ara el que m\u00e9s he valorat ha estat el fet de tenir una mare que et recolzi malgrat les mancances f\u00edsiques que es puguin tenir, disposar d\u2019una bona amistat i molt especialment la fortalesa de l\u2019esperit i la voluntat que va demostrar Helen Keller, la protagonista del llibre.Si ja em costava prou seleccionar els llibres que volia donar, en trobar aquest vaig aturar de cop la idea, ja que, per fer-ho m\u00e9s dif\u00edcil, vaig localitzar dins d\u2019un altre llibre la fotoc\u00f2pia d\u2019una carta juntament amb un retall de diari que havia lliurat a Imma Raset, de qui tamb\u00e9 un dia m\u2019agradaria parlar. He aturat el prop\u00f2sit, a veure quan estar\u00e9 preparada per tirar-lo endavant.<\/p>\n<p style=\"text-align: justify;\">Continuant amb el que d\u00e8iem, la Isabel va ser una infermera de les que va viure la Guerra Civil Espanyola i amb aix\u00f2 ens podem fer el c\u00e0rrec de com va viure l\u2019abans i el despr\u00e9s; en temps de pau i quan els serveis d\u2019infermeria a M\u00fatua de Terrassa tamb\u00e9 feien la transici\u00f3 de passar que els malalts fossin assistits per la comunitat religiosa a passar a ser atesos per infermeres seglars titulades. De germanes tamb\u00e9 n&#8217;havia que tenien els estudis d&#8217;infermeria.<\/p>\n<p style=\"text-align: justify;\">La Isabel era una persona molt simp\u00e0tica i de car\u00e0cter alegre, possiblement innat en ella mateixa i potser tamb\u00e9 perqu\u00e8 se sentia satisfeta amb la seva feina. Una cosa que destacava en ella era el pentinat que duia. Tenia una manera de recollir-se els cabells cap amunt, sobre el cap, ning\u00fa m\u00e9s els portava aix\u00ed. A m\u00e9s, finalitzaven formant una mena de r\u00ednxols, era adient per a una artista, i val a dir que una de les grans aficions de la Isabel era la pintura.<\/p>\n<figure id=\"attachment_14350\" aria-describedby=\"caption-attachment-14350\" style=\"width: 300px\" class=\"wp-caption aligncenter\"><a href=\"http:\/\/www.rosammasana.com\/wp-content\/uploads\/2023\/09\/Isable-Bayo.jpg\"><img loading=\"lazy\" decoding=\"async\" class=\"size-medium wp-image-14350\" title=\"isable-bayo\" src=\"http:\/\/www.rosammasana.com\/wp-content\/uploads\/2023\/09\/Isable-Bayo-300x264.jpg\" alt=\"\" width=\"300\" height=\"264\" srcset=\"https:\/\/www.rosammasana.com\/wp-content\/uploads\/2023\/09\/Isable-Bayo-300x264.jpg 300w, https:\/\/www.rosammasana.com\/wp-content\/uploads\/2023\/09\/Isable-Bayo-650x572.jpg 650w, https:\/\/www.rosammasana.com\/wp-content\/uploads\/2023\/09\/Isable-Bayo.jpg 1928w\" sizes=\"(max-width: 300px) 100vw, 300px\" \/><\/a><figcaption id=\"caption-attachment-14350\" class=\"wp-caption-text\"><em><span style=\"font-size: 85%;\">Isabel Bayo -esquerra- conversant amb el gerent de l\u2019hospital de M\u00fatua de Terrassa amb la seva neboda Isabel Calvo,tamb\u00e9 infermera (Imatge\u00a0 Rosa M. Masana)<\/span><\/em><\/figcaption><\/figure>\n<div class=\"mceTemp\" style=\"text-align: justify;\"><\/div>\n<p style=\"text-align: justify;\">Quan exercia les funcions de supervisora havia de rec\u00f3rrer els diversos serveis assistencials d\u2019infermeria, tant per con\u00e8ixer les novetats i les din\u00e0miques de treball de les infermeres, gestionar les cobertures dels torns i de les gu\u00e0rdies, del material i les altes i baixes dels pacients.<\/p>\n<p style=\"text-align: justify;\">Quan entrava a una unitat assistencial, la Isabel primer de tot s\u2019adre\u00e7ava a les infermeres amb el tracte de \u201creineta\u201d. Potser ho feia d\u2019aquesta manera perqu\u00e8 desconeixia el nom de totes les infermeres i auxiliars de cl\u00ednica, encara m\u00e9s en aquell moment que no estaven implantades les targetes que d\u00faiem a l\u2019uniforme amb el nostre nom i amb un color diferent segons la categoria professional.<\/p>\n<p style=\"text-align: justify;\">Entre nosaltres, les infermeres i auxiliars no vam tardar a anomenar la Isabel amb el nom de Reineta. Sovint d\u00e8iem \u201chas vist si ha passat la Reineta?\u201d o \u201cla Reineta m\u2019ha dit&#8230;\u201d, per\u00f2 no solament va rebre aquest sobrenom sin\u00f3 tamb\u00e9 el de Clavelitos, i tot degut que a l\u2019hospital, quan estava fora de servei, sovint cantava la can\u00e7\u00f3 que interpretaven sempre les estudiantines universit\u00e0ries, <em>Clavelitos<\/em>.<\/p>\n<p style=\"text-align: justify;\">Podr\u00edem gaireb\u00e9 assegurar que totes les infermeres de la M\u00fatua de Terrassa dels anys 60 i 70 ens sab\u00edem la cantarella d\u2019aquesta can\u00e7\u00f3.<\/p>\n<p style=\"text-align: justify;\">Com que la Isabel tenia m\u00e9s edat que totes nosaltres, quan es va jubilar els companys de feina i la direcci\u00f3 de l\u2019hospital li vam organitzar un sopar de comiat que va esdevenir una revetlla entranyable tant per la joia que ella mostrava tenir com pels regals que va rebre, per la poesia que li vam dedicar, recitada per la infermera Julia Morales, que com a bona actriu <em>amateur,<\/em>gesticulava el que deia com si ho estigu\u00e9s vivint. Una de les estrofes del vers que recordo que deia: \u201cInfermera i artista, heus aqu\u00ed un gran ideal, amb bata blanca vestir-se i amb art alleujar el mal\u201d.<\/p>\n<figure id=\"attachment_14351\" aria-describedby=\"caption-attachment-14351\" style=\"width: 214px\" class=\"wp-caption alignright\"><a href=\"http:\/\/www.rosammasana.com\/wp-content\/uploads\/2023\/09\/Cant-Clavelitos.jpg\"><img loading=\"lazy\" decoding=\"async\" class=\"size-medium wp-image-14351\" title=\"cant-clavelitos\" src=\"http:\/\/www.rosammasana.com\/wp-content\/uploads\/2023\/09\/Cant-Clavelitos-214x300.jpg\" alt=\"\" width=\"214\" height=\"300\" srcset=\"https:\/\/www.rosammasana.com\/wp-content\/uploads\/2023\/09\/Cant-Clavelitos-214x300.jpg 214w, https:\/\/www.rosammasana.com\/wp-content\/uploads\/2023\/09\/Cant-Clavelitos-465x650.jpg 465w, https:\/\/www.rosammasana.com\/wp-content\/uploads\/2023\/09\/Cant-Clavelitos.jpg 1363w\" sizes=\"(max-width: 214px) 100vw, 214px\" \/><\/a><figcaption id=\"caption-attachment-14351\" class=\"wp-caption-text\"><em><span style=\"font-size: 85%;\">L&#8217;auxiliar de cl\u00ednica ? va homenatjar a la Isabel\u00a0 en el dia de la jubilaci\u00f3 cantant \u2018Clavelitos\u2019 ( Rosa M. Masana).<\/span><\/em><\/figcaption><\/figure>\n<p>&nbsp;<\/p>\n<p style=\"text-align: justify;\">A continuaci\u00f3 una auxiliar d\u2019infermeria que estava en estat es va aixecar de la taula i amb un ram de clavells a la m\u00e0 ens va sorprendre a tots quan va cantar amb gr\u00e0cia <em>Clavelitos<\/em>, la Isabel es va acabar d\u2019entendrir i nosaltres tamb\u00e9 ens vam emocionar. Ho est\u00e0vem perqu\u00e8 gaud\u00edem d\u2019uns moments d\u2019harmonia, de bona avinen\u00e7a entre companys de feina, tots ens vam sentir <em>reinetes<\/em> i <em>reinets<\/em> durant aquella vetllada. \u00c9s bonic recordar-ho.<\/p>\n<p>&#8216; Y luego al ver el clavel<br \/>\nque llevabas en el pelo<br \/>\nmir\u00e1ndolo, cre\u00ed ver<br \/>\nun pedacito de cielo &#8216;<\/p>\n<p><span style=\"font-size: 105%;\">Com a fet curi\u00f2s \u00e9s que ara despr\u00e8s de mig segle d&#8217;aquests esdeveniments, hem trobat arxivada una c\u00f3pia de la poesia que vaig escriure per la Isabel que tan magistralment va llegir la J\u00falia Morales amb aquell propi ritme, calidesa i for\u00e7a d&#8217;esperit que hi va posar. Sigui on siguin totes dues, la Isabel i la J\u00falia els fem arribar els millors efluvis d&#8217;amistat que els hi v\u00e0rem depositar.\u00a0\u00a0<\/span><\/p>\n<p style=\"text-align: center;\"><span style=\"font-size: 110%;\">\u00a0 \u00a0 \u00a0 \u00a0 \u00a0 \u00a0 \u00a0 \u00a0 \u00a0 \u00a0 \u00a0 \u00a0 \u00a0 \u00a0 \u00a0 \u00a0 \u00a0 \u00a0 \u00a0 \u00a0 \u00a0 \u00a0 \u00a0 \u00a0 \u00a0 \u00a0 \u00a0 \u00a0 \u00a0 \u00a0 \u00a0 \u00a0 \u00a0 \u00a0 \u00a0 \u00a0 \u00a0 \u00a0 \u00a0 \u00a0La senyora Isabel a dit ad\u00e9u a la M\u00fatua, <\/span><span style=\"font-size: 110%;\">\u00a0 \u00a0 \u00a0 \u00a0 \u00a0 \u00a0 \u00a0 \u00a0 \u00a0 \u00a0 \u00a0 \u00a0 \u00a0 \u00a0 \u00a0 \u00a0 \u00a0 \u00a0 \u00a0 \u00a0 \u00a0 \u00a0 \u00a0 \u00a0 \u00a0 \u00a0 \u00a0 \u00a0 \u00a0 \u00a0 \u00a0 \u00a0 \u00a0 \u00a0 \u00a0 \u00a0 \u00a0 \u00a0c\u00f2fia, bata i carpeta ha penjat<\/span><\/p>\n<p style=\"text-align: center;\"><span style=\"font-size: 110%;\">i adonant-nos una bona excusa,<\/span><\/p>\n<p style=\"text-align: center;\"><span style=\"font-size: 110%;\">diu que ella ja prou ha treballat.<\/span><\/p>\n<p style=\"text-align: center;\"><span style=\"font-size: 110%;\">Nosaltres ni de lluny ens ho creiem,<\/span><\/p>\n<p style=\"text-align: center;\"><span style=\"font-size: 110%;\">que amb el seu jovial aspecte s\u2019hagi jubilat,<\/span><\/p>\n<p style=\"text-align: center;\"><span style=\"font-size: 110%;\">per tota la Casa anem dient,<\/span><\/p>\n<p style=\"text-align: center;\"><span style=\"font-size: 110%;\">i la senyoreta Isabel, on s\u2019ha posat ?<\/span><\/p>\n<p style=\"text-align: center;\"><span style=\"font-size: 110%;\">Per\u00f2 vost\u00e8 tota cofada<\/span><\/p>\n<p style=\"text-align: center;\"><span style=\"font-size: 110%;\">a pintar quadres se\u2019n anir\u00e0,<\/span><\/p>\n<p style=\"text-align: center;\"><span style=\"font-size: 110%;\">que per cert s\u00f3n una monada,<\/span><\/p>\n<p style=\"text-align: center;\"><span style=\"font-size: 110%;\">on estil i colorit hi ha. <\/span><\/p>\n<p style=\"text-align: center;\"><span style=\"font-size: 110%;\">Mentrestant aqu\u00ed a la M\u00fatua,<\/span><\/p>\n<p style=\"text-align: center;\"><span style=\"font-size: 110%;\">les companyes ens hi quedem,<\/span><\/p>\n<p style=\"text-align: center;\"><span style=\"font-size: 110%;\">el treball sempre perdura<\/span><\/p>\n<p style=\"text-align: center;\"><span style=\"font-size: 110%;\">i culminar-lo com v\u00f3s volem.<\/span><\/p>\n<p style=\"text-align: center;\"><span style=\"font-size: 110%;\">Se\u2019ns fa rar hi ho trobem a faltar, <\/span><\/p>\n<p style=\"text-align: center;\"><span style=\"font-size: 110%;\">el no sentir dir ni Tresor i Reineta,<\/span><\/p>\n<p style=\"text-align: center;\"><span style=\"font-size: 110%;\">ni can\u00e7ons estudiantils cantar,<\/span><\/p>\n<p style=\"text-align: center;\"><span style=\"font-size: 110%;\">amb gr\u00e0cia i entonaci\u00f3 per la Isabeleta.<\/span><\/p>\n<p style=\"text-align: center;\"><strong><span style=\"font-size: 110%;\">\u00a1 Infermera i artista <\/span><\/strong><\/p>\n<p style=\"text-align: center;\"><strong><span style=\"font-size: 110%;\">heus aqu\u00ed un gran ideal,<\/span><\/strong><\/p>\n<p style=\"text-align: center;\"><strong><span style=\"font-size: 110%;\">amb bata blanca vestir-se <\/span><\/strong><\/p>\n<p style=\"text-align: center;\"><strong><span style=\"font-size: 110%;\">i amb art alleujar el mal !<\/span><\/strong><\/p>\n<p style=\"text-align: center;\"><span style=\"font-size: 110%;\">Aquestes coses demostren la seva personalitat,<\/span><\/p>\n<p style=\"text-align: center;\"><span style=\"font-size: 110%;\">plena de simpatia i delicadesa,<\/span><\/p>\n<p style=\"text-align: center;\"><span style=\"font-size: 110%;\">acompanyada de sensibilitat,<\/span><\/p>\n<p style=\"text-align: center;\"><span style=\"font-size: 110%;\">art i bellesa.<\/span><\/p>\n<p style=\"text-align: center;\"><span style=\"font-size: 110%;\">Ha estat model de vocaci\u00f3,<\/span><\/p>\n<p style=\"text-align: center;\"><span style=\"font-size: 110%;\">per la seva gran entrega,<\/span><\/p>\n<p style=\"text-align: center;\"><span style=\"font-size: 110%;\">en aquesta professi\u00f3, <\/span><\/p>\n<p style=\"text-align: center;\"><span style=\"font-size: 110%;\">de valor com ha estat la seva.<\/span><\/p>\n<p style=\"text-align: center;\"><span style=\"font-size: 110%;\">Totes juntes aqu\u00ed ens trobem,<\/span><\/p>\n<p style=\"text-align: center;\"><span style=\"font-size: 110%;\">no pas per celebrar un comiat<\/span><\/p>\n<p style=\"text-align: center;\"><span style=\"font-size: 110%;\">sin\u00f3 per dir-li que amb v\u00f3s estem,<\/span><\/p>\n<p style=\"text-align: center;\"><span style=\"font-size: 110%;\">ara, i amb successiva continu\u00eftat.<\/span><\/p>\n<p style=\"text-align: center;\"><span style=\"font-size: 110%;\">*********<\/span><\/p>\n<figure id=\"attachment_14363\" aria-describedby=\"caption-attachment-14363\" style=\"width: 205px\" class=\"wp-caption aligncenter\"><img loading=\"lazy\" decoding=\"async\" class=\" wp-image-14363\" src=\"http:\/\/www.rosammasana.com\/wp-content\/uploads\/2023\/09\/oeillet.jpg\" alt=\"\" width=\"205\" height=\"205\" srcset=\"https:\/\/www.rosammasana.com\/wp-content\/uploads\/2023\/09\/oeillet.jpg 400w, https:\/\/www.rosammasana.com\/wp-content\/uploads\/2023\/09\/oeillet-150x150.jpg 150w, https:\/\/www.rosammasana.com\/wp-content\/uploads\/2023\/09\/oeillet-300x300.jpg 300w\" sizes=\"(max-width: 205px) 100vw, 205px\" \/><figcaption id=\"caption-attachment-14363\" class=\"wp-caption-text\">Clavell de &#8216;Perfumes y\u00a0 \u00a0 \u00a0 \u00a0 \u00a0 \u00a0 \u00a0 \u00a0 \u00a0 \u00a0 \u00a0fragancias&#8217; Online<\/figcaption><\/figure>\n<p>&nbsp;<\/p>\n<p>&nbsp;<\/p>\n<p>&nbsp;<\/p>\n<p>&nbsp;<\/p>\n<p>&nbsp;<\/p>\n<p>&nbsp;<\/p>\n<p>&nbsp;<\/p>\n<div class=\"mceTemp\"><\/div>\n","protected":false},"excerpt":{"rendered":"<p>Tinc una estanteria repleta de llibres i fotografies; \u00e9s llarga i arriba fins al sostre. Potser \u00e9s que estic afectada pel s\u00edndrome de Di\u00f2genes, per la mania que tinc de guardar una cosa i l\u2019altra. Decidida a tornar a fer endre\u00e7a, en un parell d\u2019ocasions vaig fer l\u2019esfor\u00e7 de donar dues caixes de llibres, per\u00f2&#8230;<\/p>\n","protected":false},"author":3,"featured_media":17215,"comment_status":"open","ping_status":"open","sticky":false,"template":"","format":"standard","meta":{"footnotes":""},"categories":[1,14],"tags":[1708,1706,473,1705,395,1707],"class_list":["post-14348","post","type-post","status-publish","format-standard","has-post-thumbnail","hentry","category-infermeria","category-terrassa-pobles","tag-clavelitos","tag-helen-keller","tag-infermera","tag-isabel-bayo","tag-mutua-de-terrassa","tag-reineta"],"_links":{"self":[{"href":"https:\/\/www.rosammasana.com\/index.php?rest_route=\/wp\/v2\/posts\/14348"}],"collection":[{"href":"https:\/\/www.rosammasana.com\/index.php?rest_route=\/wp\/v2\/posts"}],"about":[{"href":"https:\/\/www.rosammasana.com\/index.php?rest_route=\/wp\/v2\/types\/post"}],"author":[{"embeddable":true,"href":"https:\/\/www.rosammasana.com\/index.php?rest_route=\/wp\/v2\/users\/3"}],"replies":[{"embeddable":true,"href":"https:\/\/www.rosammasana.com\/index.php?rest_route=%2Fwp%2Fv2%2Fcomments&post=14348"}],"version-history":[{"count":29,"href":"https:\/\/www.rosammasana.com\/index.php?rest_route=\/wp\/v2\/posts\/14348\/revisions"}],"predecessor-version":[{"id":16503,"href":"https:\/\/www.rosammasana.com\/index.php?rest_route=\/wp\/v2\/posts\/14348\/revisions\/16503"}],"wp:featuredmedia":[{"embeddable":true,"href":"https:\/\/www.rosammasana.com\/index.php?rest_route=\/wp\/v2\/media\/17215"}],"wp:attachment":[{"href":"https:\/\/www.rosammasana.com\/index.php?rest_route=%2Fwp%2Fv2%2Fmedia&parent=14348"}],"wp:term":[{"taxonomy":"category","embeddable":true,"href":"https:\/\/www.rosammasana.com\/index.php?rest_route=%2Fwp%2Fv2%2Fcategories&post=14348"},{"taxonomy":"post_tag","embeddable":true,"href":"https:\/\/www.rosammasana.com\/index.php?rest_route=%2Fwp%2Fv2%2Ftags&post=14348"}],"curies":[{"name":"wp","href":"https:\/\/api.w.org\/{rel}","templated":true}]}}