{"id":14761,"date":"2024-02-06T20:31:22","date_gmt":"2024-02-06T18:31:22","guid":{"rendered":"http:\/\/www.rosammasana.com\/?p=14761"},"modified":"2026-09-01T11:54:56","modified_gmt":"2026-09-01T09:54:56","slug":"repasar-roba-interior-la-elena-francis-i-la-pietat-estany","status":"publish","type":"post","link":"https:\/\/www.rosammasana.com\/?p=14761","title":{"rendered":"Repasar roba interior, la Elena Francis i la Pietat Estany (anys seixanta)"},"content":{"rendered":"<p>De bastant jove a vegades escoltava per la r\u00e0dio el programa &#8216;Queridas amigues&#8217; del consultori d&#8217;Elena Francis, era l&#8217;emissora que la meva mare tenia costum de sintonitzar mentre treballava junt amb una de les meves cunyades retallant els sobrants de teixit d&#8217;una\u00a0 pe\u00e7a de roba interior femenina que sovinr bisos, material que confeccionava una empresa de Terrassa.<\/p>\n<figure id=\"attachment_16673\" aria-describedby=\"caption-attachment-16673\" style=\"width: 300px\" class=\"wp-caption aligncenter\"><a href=\"https:\/\/www.rosammasana.com\/?attachment_id=16673#main\" rel=\"attachment wp-att-16673\"><img loading=\"lazy\" decoding=\"async\" class=\"size-medium wp-image-16673\" src=\"http:\/\/www.rosammasana.com\/wp-content\/uploads\/2024\/02\/Biso-aquest-300x151.jpg\" alt=\"\" width=\"300\" height=\"151\" srcset=\"https:\/\/www.rosammasana.com\/wp-content\/uploads\/2024\/02\/Biso-aquest-300x151.jpg 300w, https:\/\/www.rosammasana.com\/wp-content\/uploads\/2024\/02\/Biso-aquest-650x326.jpg 650w, https:\/\/www.rosammasana.com\/wp-content\/uploads\/2024\/02\/Biso-aquest-768x385.jpg 768w, https:\/\/www.rosammasana.com\/wp-content\/uploads\/2024\/02\/Biso-aquest-1536x771.jpg 1536w, https:\/\/www.rosammasana.com\/wp-content\/uploads\/2024\/02\/Biso-aquest-2048x1028.jpg 2048w\" sizes=\"auto, (max-width: 300px) 100vw, 300px\" \/><\/a><figcaption id=\"caption-attachment-16673\" class=\"wp-caption-text\"><em>S&#8217;havia de tallar el teixit sobrant que hi havia entre el set\u00ed i la punta.<\/em><\/figcaption><\/figure>\n<p>Aquestes pe\u00e7es les an\u00e0vem a buscar al magatzem que hi havia a un carrer que confluia amb el de Sant Marian i la carreta de Moncada, material que havia de ser\u00a0 retornat al cap d&#8217;una setmana, la mare sempre deia que s&#8217;havien de treballar moltes hores per guanyar poc. En ocasions l&#8217;havia ajudat per poder lliurar la feina\u00a0 a temps.<\/p>\n<p>Quan la Elena Francis parlava per la r\u00e0dio les persones que l&#8217;escoltaven pos\u00e0vem\u00a0 atenci\u00f3 perqu\u00e8 tractava temes relacionats amb l&#8217;amor i els desamors i estic segura . que hi havia dones joves que es sentien identificades amb el relat i consells.\u00a0 Per\u00f2\u00a0 per la mare penso que la Francis\u00a0 era un tema superat ,havia tingut sis fills i no li feien falta els consells, l&#8217;agradaba tamb\u00e9 escoltar <a href=\"https:\/\/www.rosammasana.com\/?p=4120\">op\u00e8res i sarsueles.\u00a0<\/a><\/p>\n<figure id=\"attachment_16674\" aria-describedby=\"caption-attachment-16674\" style=\"width: 300px\" class=\"wp-caption aligncenter\"><a href=\"https:\/\/www.rosammasana.com\/?attachment_id=16674#main\" rel=\"attachment wp-att-16674\"><img loading=\"lazy\" decoding=\"async\" class=\"size-medium wp-image-16674\" src=\"http:\/\/www.rosammasana.com\/wp-content\/uploads\/2024\/02\/IMG-20241129-WA0004-300x225.jpg\" alt=\"\" width=\"300\" height=\"225\" srcset=\"https:\/\/www.rosammasana.com\/wp-content\/uploads\/2024\/02\/IMG-20241129-WA0004-300x225.jpg 300w, https:\/\/www.rosammasana.com\/wp-content\/uploads\/2024\/02\/IMG-20241129-WA0004-650x488.jpg 650w, https:\/\/www.rosammasana.com\/wp-content\/uploads\/2024\/02\/IMG-20241129-WA0004-768x576.jpg 768w, https:\/\/www.rosammasana.com\/wp-content\/uploads\/2024\/02\/IMG-20241129-WA0004-1536x1152.jpg 1536w, https:\/\/www.rosammasana.com\/wp-content\/uploads\/2024\/02\/IMG-20241129-WA0004.jpg 1600w\" sizes=\"auto, (max-width: 300px) 100vw, 300px\" \/><\/a><figcaption id=\"caption-attachment-16674\" class=\"wp-caption-text\"><em>Un dels models de r\u00e0dio de l&#8217;\u00e8poca. ( imatge cedida per N\u00faria Ventura)<\/em><\/figcaption><\/figure>\n<p>El record d&#8217;aquest\u00a0 episodi de joveneta m&#8217;ha\u00a0 vingut perqu\u00e8 fa poc vaig trobar un v\u00eddeo\u00a0 fet el dia\u00a0 9 de mar\u00e7 del 2011\u00a0 Diada de la Dona\u00a0 durant un dinar fet al caf\u00e8-restaurant del Fraternal\u00a0 organitzat\u00a0 per <span style=\"font-size: 100%;\"><a href=\"https:\/\/www.findglocal.com\/ES\/Palafrugell\/334524980024094\/Associaci%C3%B3-Suport-a-la-Dona\">l&#8217;Associaci\u00f3 de Suport a la Dona de Palafrugell i,\u00a0<\/a><\/span> En ell una de les companyes de taula va dir-me:<\/p>\n<figure id=\"attachment_15396\" aria-describedby=\"caption-attachment-15396\" style=\"width: 150px\" class=\"wp-caption alignright\"><a href=\"http:\/\/www.rosammasana.com\/wp-content\/uploads\/2024\/02\/Pietat-Estany.jpg\"><img loading=\"lazy\" decoding=\"async\" class=\"size-thumbnail wp-image-15396\" title=\"pietat-estany\" src=\"http:\/\/www.rosammasana.com\/wp-content\/uploads\/2024\/02\/Pietat-Estany-150x150.jpg\" alt=\"\" width=\"150\" height=\"150\" srcset=\"https:\/\/www.rosammasana.com\/wp-content\/uploads\/2024\/02\/Pietat-Estany-150x150.jpg 150w, https:\/\/www.rosammasana.com\/wp-content\/uploads\/2024\/02\/Pietat-Estany-300x297.jpg 300w, https:\/\/www.rosammasana.com\/wp-content\/uploads\/2024\/02\/Pietat-Estany.jpg 347w\" sizes=\"auto, (max-width: 150px) 100vw, 150px\" \/><\/a><figcaption id=\"caption-attachment-15396\" class=\"wp-caption-text\"><em>Pietat Estany, de l&#8217;article de Llu\u00eds Molinas<\/em><\/figcaption><\/figure>\n<p>&#8211; Est\u00e0s\u00a0 asseguda casi al costat de l&#8217; <strong>Elena Francis, <\/strong>no veia a ning\u00fa que pogu\u00e9s ser ella, me l&#8217;havia imaginat alta rosa i despampenant com la meva cosina Elena Masana que vivia a France.<\/p>\n<p>La dita Elena Francis va resultar ser, d&#8217;entre d&#8217;altres persones\u00a0 que escrivient les respostes de les cartes rebudes, la\u00a0 <strong>Pietat Estany<\/strong>, una senyora que vivia o passava temperades a l&#8217;Empord\u00e0.<\/p>\n<p>&nbsp;<\/p>\n<p>Els consells que l&#8217;emisora donava,\u00a0 vistos amb\u00a0 ulls d&#8217;ara sonen carrinclons, fets a la mida per aquell moment politic i social d&#8217;una dictadura\u00a0 quan la dona , encara\u00a0 que no totes, vivien bastant subordinades, la\u00a0 reconstruci\u00f3 d&#8217;un pa\u00eds despr\u00e8s d&#8217;una\u00a0 guerra demanava fam\u00edlia, fills, paci\u00e8ncia\u00a0 i poc marge d&#8217;actuaci\u00f3.<\/p>\n<p>Actualment si existis una altra Elena Francis, el seu discurs seria completament l&#8217;altra cara de la moneda, perqu\u00e8 la demografia es masa alta i el treball hum\u00e0 no \u00e9s tant necessari.<\/p>\n<p>El fet d&#8217;estar encara que ficticiament davant de l&#8217; Elena Francis vaig expermentar una sensaci\u00f3\u00a0 una mica semblant al experimentat quan vaig atendre a un hospital de Su\u00efssa\u00a0 a la<a title=\"Maria Jos\u00e9 de Savoi\u00e0 \" href=\"http:\/\/www.rosammasana.com\/?p=5501\"> reina d&#8217;It\u00e0lia Maria Jos\u00e9 de Savoi\u00e0,<\/a><\/p>\n<p>&nbsp;<\/p>\n<p>Es diu que el treball m\u00e9s rellevant d&#8217; aquest programa radiof\u00f2nic el va dur a terme\u00a0 \u00a0el periodista <strong>Juan Soto Vi\u00f1ola<\/strong> amb la col\u00b7laboraci\u00f3 d&#8217;altres persones que presentem en un esquema, i tamb\u00e9 un retall de l&#8217;article fet per Llu\u00eds Molinnas<\/p>\n<p>&nbsp;<\/p>\n<figure id=\"attachment_14970\" aria-describedby=\"caption-attachment-14970\" style=\"width: 300px\" class=\"wp-caption alignleft\"><a href=\"http:\/\/www.rosammasana.com\/wp-content\/uploads\/2024\/02\/Dos-retall-diari-.jpg\"><img loading=\"lazy\" decoding=\"async\" class=\"size-medium wp-image-14970\" title=\"dos-retall-diari\" src=\"http:\/\/www.rosammasana.com\/wp-content\/uploads\/2024\/02\/Dos-retall-diari--300x103.jpg\" alt=\"\" width=\"300\" height=\"103\" srcset=\"https:\/\/www.rosammasana.com\/wp-content\/uploads\/2024\/02\/Dos-retall-diari--300x103.jpg 300w, https:\/\/www.rosammasana.com\/wp-content\/uploads\/2024\/02\/Dos-retall-diari--650x223.jpg 650w, https:\/\/www.rosammasana.com\/wp-content\/uploads\/2024\/02\/Dos-retall-diari-.jpg 1160w\" sizes=\"auto, (max-width: 300px) 100vw, 300px\" \/><\/a><figcaption id=\"caption-attachment-14970\" class=\"wp-caption-text\">Retall de la RBE de LLu\u00eds Molinas i del OKdiario<\/figcaption><\/figure>\n<p>&nbsp;<\/p>\n<p>&nbsp;<\/p>\n<p>&nbsp;<\/p>\n<p>&nbsp;<\/p>\n<div class=\"mceTemp\">\n<p>&nbsp;<\/p>\n<p>&nbsp;<\/p>\n<div class=\"mceTemp\">\n<figure id=\"attachment_14990\" aria-describedby=\"caption-attachment-14990\" style=\"width: 300px\" class=\"wp-caption alignright\"><a href=\"http:\/\/www.rosammasana.com\/wp-content\/uploads\/2024\/02\/Dades-per-imatge-Elena-Francis.jpg\"><img loading=\"lazy\" decoding=\"async\" class=\"size-medium wp-image-14990\" title=\"dades-per-imatge-elena-francis\" src=\"http:\/\/www.rosammasana.com\/wp-content\/uploads\/2024\/02\/Dades-per-imatge-Elena-Francis-300x243.jpg\" alt=\"\" width=\"300\" height=\"243\" srcset=\"https:\/\/www.rosammasana.com\/wp-content\/uploads\/2024\/02\/Dades-per-imatge-Elena-Francis-300x243.jpg 300w, https:\/\/www.rosammasana.com\/wp-content\/uploads\/2024\/02\/Dades-per-imatge-Elena-Francis-650x526.jpg 650w, https:\/\/www.rosammasana.com\/wp-content\/uploads\/2024\/02\/Dades-per-imatge-Elena-Francis.jpg 696w\" sizes=\"auto, (max-width: 300px) 100vw, 300px\" \/><\/a><figcaption id=\"caption-attachment-14990\" class=\"wp-caption-text\">Dades a t\u00edtol de s\u00edntesi<\/figcaption><\/figure>\n<p>&nbsp;<\/p>\n<p>&nbsp;<\/p>\n<p>&nbsp;<\/p>\n<\/div>\n<\/div>\n<p>&nbsp;<\/p>\n<p>&nbsp;<\/p>\n<p>&nbsp;<\/p>\n<p>&nbsp;<\/p>\n<p>&nbsp;<\/p>\n<p>&nbsp;<\/p>\n<p>&nbsp;<\/p>\n<p><a href=\"https:\/\/www.rosammasana.com\/?attachment_id=17922#main\" rel=\"attachment wp-att-17922\"><img loading=\"lazy\" decoding=\"async\" class=\"aligncenter size-medium wp-image-17922\" src=\"http:\/\/www.rosammasana.com\/wp-content\/uploads\/2024\/02\/Pietat-Rosa-300x263.png\" alt=\"\" width=\"300\" height=\"263\" srcset=\"https:\/\/www.rosammasana.com\/wp-content\/uploads\/2024\/02\/Pietat-Rosa-300x263.png 300w, https:\/\/www.rosammasana.com\/wp-content\/uploads\/2024\/02\/Pietat-Rosa-650x571.png 650w, https:\/\/www.rosammasana.com\/wp-content\/uploads\/2024\/02\/Pietat-Rosa-768x674.png 768w, https:\/\/www.rosammasana.com\/wp-content\/uploads\/2024\/02\/Pietat-Rosa.png 908w\" sizes=\"auto, (max-width: 300px) 100vw, 300px\" \/><\/a>\u00a0 \u00a0 \u00a0 \u00a0 \u00a0 \u00a0 \u00a0 \u00a0 \u00a0 \u00a0 \u00a0 \u00a0 \u00a0 \u00a0 \u00a0 \u00a0 \u00a0<em> Ves per on\u00a0 una imatge amb Pietat Estany\u00a0<\/em><\/p>\n<p>&nbsp;<\/p>\n<p>Despres de dinar la Pietat\u00a0 va fer una confer\u00e8ncia a una sala del mateix centre Fraternal\u00a0 de la que en podem veure un\u00a0 fragment en el v\u00eddeo\u00a0 Dia de la Dona.<\/p>\n<p>El que m\u00e9s em va agradar d&#8217;ella va ser quan\u00a0 signava\u00a0 els libres\u00a0 per els lectors, una dedicat\u00f2ria deia:<\/p>\n<p><strong>&#8211; &#8216;A Marcela, desitjant que no necessiti mai ajuda de cap Francis&#8217;<\/strong><\/p>\n<p>&nbsp;<\/p>\n<p>&nbsp;<\/p>\n<figure id=\"attachment_17923\" aria-describedby=\"caption-attachment-17923\" style=\"width: 300px\" class=\"wp-caption aligncenter\"><a href=\"https:\/\/www.rosammasana.com\/?attachment_id=17923#main\" rel=\"attachment wp-att-17923\"><img loading=\"lazy\" decoding=\"async\" class=\"size-medium wp-image-17923\" src=\"http:\/\/www.rosammasana.com\/wp-content\/uploads\/2024\/02\/Dedicatoria--300x215.png\" alt=\"\" width=\"300\" height=\"215\" srcset=\"https:\/\/www.rosammasana.com\/wp-content\/uploads\/2024\/02\/Dedicatoria--300x215.png 300w, https:\/\/www.rosammasana.com\/wp-content\/uploads\/2024\/02\/Dedicatoria--650x466.png 650w, https:\/\/www.rosammasana.com\/wp-content\/uploads\/2024\/02\/Dedicatoria--768x551.png 768w, https:\/\/www.rosammasana.com\/wp-content\/uploads\/2024\/02\/Dedicatoria-.png 896w\" sizes=\"auto, (max-width: 300px) 100vw, 300px\" \/><\/a><figcaption id=\"caption-attachment-17923\" class=\"wp-caption-text\">Dedicaci\u00f3 d&#8217;un llibre<\/figcaption><\/figure>\n<p>&nbsp;<\/p>\n<p>Notes<\/p>\n<address><em><span style=\"vertical-align: inherit;\"><span style=\"vertical-align: inherit;\">Per saber quelcom m\u00e9s de la senyora\u00a0 Piedad Estany llegiu l&#8217; article de <a title=\"Article Llu\u00eds Molinas, Pietat Estany\" href=\"https:\/\/drive.google.com\/file\/d\/1Sd13B2QMmLwx_lWheYuguvJaY-iejgGy\/view\">Llu\u00eds Molinas. Las dones silenciades. Conversa amb\u00a0 \u00a0Pietat Estany<\/a>, col\u00b7laboradora del\u00a0 Consultori de la senyora Elena Francis. Revista del Baix Empord\u00e0, n\u00fam. 38, p\u00e0g.8, 2012. Tamb\u00e9 a\u00a0<a title=\"Elena Francis \" href=\"https:\/\/es.wikipedia.org\/wiki\/Consultorio_de_Elena_Francis\">Wikipedia.<\/a><\/span><\/span><\/em><\/address>\n<address><em>Veure:\u00a0 Jose Soto <a href=\"https:\/\/www.rtve.es\/noticias\/20170212\/muere-escritor-juan-soto-vinolo-verdadera-elena-francis\/1489724.shtml\">https:\/\/www.rtve.es\/noticias\/20170212\/muere-escritor-juan-soto-vinolo-verdadera-elena-francis\/1489724.shtml<\/a><\/em><\/address>\n<p>&nbsp;<\/p>\n","protected":false},"excerpt":{"rendered":"<p>De bastant jove a vegades escoltava per la r\u00e0dio el programa &#8216;Queridas amigues&#8217; del consultori d&#8217;Elena Francis, era l&#8217;emissora que la meva mare tenia costum de sintonitzar mentre treballava junt amb una de les meves cunyades retallant els sobrants de teixit d&#8217;una\u00a0 pe\u00e7a de roba interior femenina que sovinr bisos, material que confeccionava una empresa&#8230;<\/p>\n","protected":false},"author":3,"featured_media":16676,"comment_status":"open","ping_status":"open","sticky":false,"template":"","format":"standard","meta":{"footnotes":""},"categories":[4,32,18,10],"tags":[1768,1847,1769,1767,1842],"class_list":["post-14761","post","type-post","status-publish","format-standard","has-post-thumbnail","hentry","category-diversos","category-miscel-lania","category-palafrugell","category-terrassa-xemeneies-industrials","tag-elena-francis","tag-palafrugell","tag-pietat-estany","tag-repasar-roba-interior","tag-terrassa"],"_links":{"self":[{"href":"https:\/\/www.rosammasana.com\/index.php?rest_route=\/wp\/v2\/posts\/14761","targetHints":{"allow":["GET"]}}],"collection":[{"href":"https:\/\/www.rosammasana.com\/index.php?rest_route=\/wp\/v2\/posts"}],"about":[{"href":"https:\/\/www.rosammasana.com\/index.php?rest_route=\/wp\/v2\/types\/post"}],"author":[{"embeddable":true,"href":"https:\/\/www.rosammasana.com\/index.php?rest_route=\/wp\/v2\/users\/3"}],"replies":[{"embeddable":true,"href":"https:\/\/www.rosammasana.com\/index.php?rest_route=%2Fwp%2Fv2%2Fcomments&post=14761"}],"version-history":[{"count":57,"href":"https:\/\/www.rosammasana.com\/index.php?rest_route=\/wp\/v2\/posts\/14761\/revisions"}],"predecessor-version":[{"id":19383,"href":"https:\/\/www.rosammasana.com\/index.php?rest_route=\/wp\/v2\/posts\/14761\/revisions\/19383"}],"wp:featuredmedia":[{"embeddable":true,"href":"https:\/\/www.rosammasana.com\/index.php?rest_route=\/wp\/v2\/media\/16676"}],"wp:attachment":[{"href":"https:\/\/www.rosammasana.com\/index.php?rest_route=%2Fwp%2Fv2%2Fmedia&parent=14761"}],"wp:term":[{"taxonomy":"category","embeddable":true,"href":"https:\/\/www.rosammasana.com\/index.php?rest_route=%2Fwp%2Fv2%2Fcategories&post=14761"},{"taxonomy":"post_tag","embeddable":true,"href":"https:\/\/www.rosammasana.com\/index.php?rest_route=%2Fwp%2Fv2%2Ftags&post=14761"}],"curies":[{"name":"wp","href":"https:\/\/api.w.org\/{rel}","templated":true}]}}