{"id":15237,"date":"2024-06-03T08:36:43","date_gmt":"2024-06-03T06:36:43","guid":{"rendered":"http:\/\/www.rosammasana.com\/?p=15237"},"modified":"2025-08-10T19:02:33","modified_gmt":"2025-08-10T17:02:33","slug":"lluis-suner-i-josep-suner-gallart-afeccionats-al-hoquei-sobre-patins","status":"publish","type":"post","link":"https:\/\/www.rosammasana.com\/?p=15237","title":{"rendered":"Llu\u00eds Su\u00f1er i Josep Su\u00f1er Bellart  afeccionats al Hoquei sobre patins"},"content":{"rendered":"<p style=\"text-align: justify;\">El matrimoni Lu\u00eds Su\u00f1er i Ampar Gallart vivien a la carretera de Rellinars davant mateix de la Central El\u00e8ctrica de Terrassa, van tenir quatre fills, Josep, Jordi, Jaume i Neus.<\/p>\n<p style=\"text-align: justify;\">Llu\u00eds Su\u00f1er Llu\u00eds colaboraba arreglant patins de jugar a hoquei a un casal esportiu, no podem dir-ne el nom per\u00f2, s\u00ed que estava situat dues travessies m\u00e9s avall d\u2019 on vivia la familia a la m\u00e0 contraria de l&#8217;esmentada Central El\u00e8ctrica. Segons l\u2019actual pl\u00e0nol de Terrassa el casal o centre esportiu estar\u00eda ubicat\u00a0 a un espai\u00a0 entre la riera de les Arenes, la carretera de Rellinars i els\u00a0 carrers \u00dabeda i de la Salut.<\/p>\n<figure id=\"attachment_15254\" aria-describedby=\"caption-attachment-15254\" style=\"width: 275px\" class=\"wp-caption alignright\"><a href=\"http:\/\/www.rosammasana.com\/wp-content\/uploads\/2024\/06\/Llu\u00eds-Su\u00f1er1.png\"><img loading=\"lazy\" decoding=\"async\" class=\"size-medium wp-image-15254\" title=\"lluis-suner\" src=\"http:\/\/www.rosammasana.com\/wp-content\/uploads\/2024\/06\/Llu\u00eds-Su\u00f1er1-275x300.png\" alt=\"\" width=\"275\" height=\"300\" srcset=\"https:\/\/www.rosammasana.com\/wp-content\/uploads\/2024\/06\/Llu\u00eds-Su\u00f1er1-275x300.png 275w, https:\/\/www.rosammasana.com\/wp-content\/uploads\/2024\/06\/Llu\u00eds-Su\u00f1er1-596x650.png 596w, https:\/\/www.rosammasana.com\/wp-content\/uploads\/2024\/06\/Llu\u00eds-Su\u00f1er1.png 900w\" sizes=\"(max-width: 275px) 100vw, 275px\" \/><\/a><figcaption id=\"caption-attachment-15254\" class=\"wp-caption-text\"><span style=\"font-size: 80%;\"><em>Llu\u00eds Su\u00f1er, el mec\u00e0nic de patins<\/em><\/span><\/figcaption><\/figure>\n<p>&nbsp;<\/p>\n<div style=\"text-align: justify;\">\n<p>Recordem aquests fets perqu\u00e8 algunes vegades junt amb la meva germana Anna havien anat a veure&#8217;l com\u00a0 Josep jugava un partit de <a title=\"Hoquei sobre patins\" href=\"https:\/\/es.wikipedia.org\/wiki\/Hockey_sobre_patines\">hoquei sobre patins<\/a>\u00a0a una pista asfaltada, com d\u00e8iem, bastant propera a casa seva.<\/p>\n<figure id=\"attachment_15239\" aria-describedby=\"caption-attachment-15239\" style=\"width: 150px\" class=\"wp-caption alignright\"><a href=\"http:\/\/www.rosammasana.com\/wp-content\/uploads\/2024\/06\/1908-PatinsRoulettes.jpg\"><img loading=\"lazy\" decoding=\"async\" class=\"size-thumbnail wp-image-15239\" title=\"1908-patinsroulettes\" src=\"http:\/\/www.rosammasana.com\/wp-content\/uploads\/2024\/06\/1908-PatinsRoulettes-150x150.jpg\" alt=\"\" width=\"150\" height=\"150\" \/><\/a><figcaption id=\"caption-attachment-15239\" class=\"wp-caption-text\">Model d&#8217;uns patins Roulettes, 1908<\/figcaption><\/figure>\n<\/div>\n<div style=\"text-align: justify;\">\n<figure id=\"attachment_15238\" aria-describedby=\"caption-attachment-15238\" style=\"width: 300px\" class=\"wp-caption alignleft\"><a href=\"http:\/\/www.rosammasana.com\/wp-content\/uploads\/2024\/06\/Hokey.jpg\"><img loading=\"lazy\" decoding=\"async\" class=\"size-medium wp-image-15238\" title=\"hokey\" src=\"http:\/\/www.rosammasana.com\/wp-content\/uploads\/2024\/06\/Hokey-300x227.jpg\" alt=\"\" width=\"300\" height=\"227\" srcset=\"https:\/\/www.rosammasana.com\/wp-content\/uploads\/2024\/06\/Hokey-300x227.jpg 300w, https:\/\/www.rosammasana.com\/wp-content\/uploads\/2024\/06\/Hokey-650x492.jpg 650w\" sizes=\"(max-width: 300px) 100vw, 300px\" \/><\/a><figcaption id=\"caption-attachment-15238\" class=\"wp-caption-text\"><span style=\"font-size: 80%;\"><em>Jugadors de hoquei sobre herba (Imatge guardada per Francesc Masana)<\/em><\/span><\/figcaption><\/figure>\n<p>Josep era el prom\u00e8s de l\u2019Anna de la que en soc la seva germana petita i algunes vegades,\u00a0 despr\u00e8s del partit ens permetia\u00a0 assajar la nostre habilitat consisten en sostenir-nos a sobre de vuit rodes. El que si\u00a0 v\u00e0rem tenir ocasi\u00f3 de comprobar que la pista era m\u00e9s dura que la de terra. Parlem aproximadament\u00a0 de l\u2019any 1953, quan\u00a0 en aquell moment tenia uns vuit anys.<\/p>\n<\/div>\n<div style=\"text-align: justify;\">\n<p>Llu\u00eds Su\u00f1er, el pare d\u2019en Josep, tenia gran habilitat per les q\u00fcestions mec\u00e0niques\u00a0 i fos el que fos\u00a0 que tinguessin malm\u00e8s els patins de jugar al hoquei, ell sabia com tornar-los a fer funcionar,\u00a0 era el que en d\u00e8iem \u2018un manetes\u2019 Disposava d\u2019 un petit taller al cobert del pati de casa seva on l&#8217;havia vist treballar algunes vegades.<\/p>\n<\/div>\n<div style=\"text-align: justify;\">\n<p lang=\"CA-ES\" xml:lang=\"CA-ES\">Darrerament entre les fotografies que guardava el meu germ\u00e0 Francesc Masana i la seva muller J\u00falia, que ara les tinc a casa, n\u2019hem localitzat una d&#8217; un partit hoquei sense patins on es uns uns nois bastants joves amb els sticks a la m\u00e0.<\/p>\n<\/div>\n<div style=\"text-align: justify;\">\n<p lang=\"CA-ES\" xml:lang=\"CA-ES\">El fet que Francesc guard\u00e9s aquesta imatge ens ha suggerit que entre els jugadors n&#8217;hi podia haver algun de conegut, pens\u00e0vem que podr\u00eda tractar-se d&#8217;\u00a0 \u00a0en Josep Su\u00f1er per\u00f2 no ho sabem de segur, amb tot adjuntem en aquesta p\u00e0gina.<\/p>\n<\/div>\n<div style=\"text-align: justify;\">\n<p>Mari\u00e0 Masana recorda que Josep havia jugat a hoquei al club Sferic, centre que encara es troba al carrer Sardenya, 34 de Terrassa. Dir que la Federaci\u00f3 Catalana de Hoquei sobre patins, va ser creada els anys quaranta i a la d\u00e8cada dels anys seixanta va passar a dir-se Federaci\u00f3 Catalano-Balear.<\/p>\n<figure id=\"attachment_15255\" aria-describedby=\"caption-attachment-15255\" style=\"width: 254px\" class=\"wp-caption alignleft\"><a href=\"http:\/\/www.rosammasana.com\/wp-content\/uploads\/2024\/06\/Josep-Su\u00f1er.jpg\"><img loading=\"lazy\" decoding=\"async\" class=\"size-medium wp-image-15255\" title=\"josep-suner\" src=\"http:\/\/www.rosammasana.com\/wp-content\/uploads\/2024\/06\/Josep-Su\u00f1er-254x300.jpg\" alt=\"\" width=\"254\" height=\"300\" srcset=\"https:\/\/www.rosammasana.com\/wp-content\/uploads\/2024\/06\/Josep-Su\u00f1er-254x300.jpg 254w, https:\/\/www.rosammasana.com\/wp-content\/uploads\/2024\/06\/Josep-Su\u00f1er-551x650.jpg 551w, https:\/\/www.rosammasana.com\/wp-content\/uploads\/2024\/06\/Josep-Su\u00f1er.jpg 1641w\" sizes=\"(max-width: 254px) 100vw, 254px\" \/><\/a><figcaption id=\"caption-attachment-15255\" class=\"wp-caption-text\"><em><span style=\"font-size: 80%;\">Josep Suner Bellart, terrassenc jugador de hoquei sobre patins<\/span><\/em><\/figcaption><\/figure>\n<\/div>\n<div>\n<p lang=\"CA-ES\" style=\"text-align: justify;\" xml:lang=\"CA-ES\">\u00c9s possible que en un moment o altre pugui apar\u00e8ixer alguna imatge o saber quelcom m\u00e9s de l\u2019esmentada pista esportiva de la zona Nord-Est de Terrassa.<\/p>\n<p lang=\"CA-ES\" style=\"text-align: justify;\" xml:lang=\"CA-ES\">\u00c9s evident que les coses viscudes de joves sempre guarden quelcom dins nostra, ho diem perqu\u00e8 als Jocs Ol\u00edmpics d&#8217; Espanya de l&#8217;any 1992, v\u00e0rem voler assistir al partit de<a title=\"Hoquei sobre herba femen\u00ed Terrassa\" href=\"http:\/\/www.rosammasana.com\/?p=13702\"> Hoquei sobre herba\u00a0 femen\u00ed<\/a> que es jugava a Terrassa ,\u00a0 no deixa de ser curi\u00f3s que en aquest esdeveniment\u00a0 va assistir-hi en qualitat de col\u00b7laboradora hol\u00edstica\u00a0 una de les filles de Josep, la Rosemari Su\u00f1er Masana i tamb\u00e9 la seva cunyada Rosa Maria Masana com a espectadora aquesta que ell ensenyava a patinar.<\/p>\n<p lang=\"CA-ES\" style=\"text-align: justify;\" xml:lang=\"CA-ES\">En el fons el fet d&#8217;asistir en aquest partit el que vol\u00edem era mostrar el nostre entusiasme vers\u00a0 l&#8217;equip femen\u00ed terrassenc i animar-lo perqu\u00e8 en sort\u00eds guanyador, aix\u00ed va ser obtenint la m\u00e0xima menci\u00f3, o sigui\u00a0 la Medalla d&#8217;Or.<\/p>\n<figure id=\"attachment_15256\" aria-describedby=\"caption-attachment-15256\" style=\"width: 252px\" class=\"wp-caption aligncenter\"><a href=\"http:\/\/www.rosammasana.com\/wp-content\/uploads\/2024\/06\/Josep-i-Rosa-al-tenis-de-Viladecavalls.png\"><img loading=\"lazy\" decoding=\"async\" class=\"size-medium wp-image-15256\" title=\"josep-i-rosa-al-tenis-de-viladecavalls\" src=\"http:\/\/www.rosammasana.com\/wp-content\/uploads\/2024\/06\/Josep-i-Rosa-al-tenis-de-Viladecavalls-252x300.png\" alt=\"\" width=\"252\" height=\"300\" srcset=\"https:\/\/www.rosammasana.com\/wp-content\/uploads\/2024\/06\/Josep-i-Rosa-al-tenis-de-Viladecavalls-252x300.png 252w, https:\/\/www.rosammasana.com\/wp-content\/uploads\/2024\/06\/Josep-i-Rosa-al-tenis-de-Viladecavalls-546x650.png 546w, https:\/\/www.rosammasana.com\/wp-content\/uploads\/2024\/06\/Josep-i-Rosa-al-tenis-de-Viladecavalls.png 2005w\" sizes=\"(max-width: 252px) 100vw, 252px\" \/><\/a><figcaption id=\"caption-attachment-15256\" class=\"wp-caption-text\"><span style=\"font-size: 80%;\"><em>A Josep tamb\u00e9 agradaba jugar a tenis, el veiem junt amb Rosa M. Masana, la seva cunyada,\u00a0 a Viladecavalls<\/em><\/span><\/figcaption><\/figure>\n<figure id=\"attachment_17694\" aria-describedby=\"caption-attachment-17694\" style=\"width: 150px\" class=\"wp-caption aligncenter\"><img loading=\"lazy\" decoding=\"async\" class=\"size-thumbnail wp-image-17694\" src=\"http:\/\/www.rosammasana.com\/wp-content\/uploads\/2024\/06\/Vilac-Josep-150x150.png\" alt=\"\" width=\"150\" height=\"150\" \/><figcaption id=\"caption-attachment-17694\" class=\"wp-caption-text\">En Josep amb fam\u00edlia a Viladecavalls<\/figcaption><\/figure>\n<\/div>\n<div><\/div>\n<div>\n<p>&nbsp;<\/p>\n<\/div>\n<div>\n<p>&nbsp;<\/p>\n<\/div>\n","protected":false},"excerpt":{"rendered":"<p>El matrimoni Lu\u00eds Su\u00f1er i Ampar Gallart vivien a la carretera de Rellinars davant mateix de la Central El\u00e8ctrica de Terrassa, van tenir quatre fills, Josep, Jordi, Jaume i Neus. Llu\u00eds Su\u00f1er Llu\u00eds colaboraba arreglant patins de jugar a hoquei a un casal esportiu, no podem dir-ne el nom per\u00f2, s\u00ed que estava situat dues&#8230;<\/p>\n","protected":false},"author":3,"featured_media":17274,"comment_status":"open","ping_status":"open","sticky":false,"template":"","format":"standard","meta":{"footnotes":""},"categories":[4,32,14],"tags":[2018,1802,2017,1801,1799,2016,1798,1800,2019],"class_list":["post-15237","post","type-post","status-publish","format-standard","has-post-thumbnail","hentry","category-diversos","category-miscel-lania","category-terrassa-pobles","tag-club-esferic","tag-esferic","tag-hoquei-sobre-patins","tag-hoquei-sobre-patinsa-terrassa","tag-josep-suner","tag-josep-suner-gallard","tag-lluis-suner","tag-rosemari-suner","tag-terrassaa"],"_links":{"self":[{"href":"https:\/\/www.rosammasana.com\/index.php?rest_route=\/wp\/v2\/posts\/15237"}],"collection":[{"href":"https:\/\/www.rosammasana.com\/index.php?rest_route=\/wp\/v2\/posts"}],"about":[{"href":"https:\/\/www.rosammasana.com\/index.php?rest_route=\/wp\/v2\/types\/post"}],"author":[{"embeddable":true,"href":"https:\/\/www.rosammasana.com\/index.php?rest_route=\/wp\/v2\/users\/3"}],"replies":[{"embeddable":true,"href":"https:\/\/www.rosammasana.com\/index.php?rest_route=%2Fwp%2Fv2%2Fcomments&post=15237"}],"version-history":[{"count":21,"href":"https:\/\/www.rosammasana.com\/index.php?rest_route=\/wp\/v2\/posts\/15237\/revisions"}],"predecessor-version":[{"id":17695,"href":"https:\/\/www.rosammasana.com\/index.php?rest_route=\/wp\/v2\/posts\/15237\/revisions\/17695"}],"wp:featuredmedia":[{"embeddable":true,"href":"https:\/\/www.rosammasana.com\/index.php?rest_route=\/wp\/v2\/media\/17274"}],"wp:attachment":[{"href":"https:\/\/www.rosammasana.com\/index.php?rest_route=%2Fwp%2Fv2%2Fmedia&parent=15237"}],"wp:term":[{"taxonomy":"category","embeddable":true,"href":"https:\/\/www.rosammasana.com\/index.php?rest_route=%2Fwp%2Fv2%2Fcategories&post=15237"},{"taxonomy":"post_tag","embeddable":true,"href":"https:\/\/www.rosammasana.com\/index.php?rest_route=%2Fwp%2Fv2%2Ftags&post=15237"}],"curies":[{"name":"wp","href":"https:\/\/api.w.org\/{rel}","templated":true}]}}