{"id":15360,"date":"2024-06-08T18:43:29","date_gmt":"2024-06-08T16:43:29","guid":{"rendered":"http:\/\/www.rosammasana.com\/?p=15360"},"modified":"2024-08-13T16:48:39","modified_gmt":"2024-08-13T14:48:39","slug":"mes-de-mig-segle-fent-cinema-1969-2024-antoni-marti-i-dolors-fuster","status":"publish","type":"post","link":"https:\/\/www.rosammasana.com\/?p=15360","title":{"rendered":"Mes de mig segle fent cinema (1969-2024) Antoni Mart\u00ed i Dolors Fuster"},"content":{"rendered":"<figure id=\"attachment_15366\" aria-describedby=\"caption-attachment-15366\" style=\"width: 300px\" class=\"wp-caption alignleft\"><a href=\"http:\/\/www.rosammasana.com\/wp-content\/uploads\/2024\/06\/Antoni-i-Dolors.jpg\"><img loading=\"lazy\" decoding=\"async\" class=\"size-medium wp-image-15366\" title=\"antoni-i-dolors\" src=\"http:\/\/www.rosammasana.com\/wp-content\/uploads\/2024\/06\/Antoni-i-Dolors-300x182.jpg\" alt=\"\" width=\"300\" height=\"182\" srcset=\"https:\/\/www.rosammasana.com\/wp-content\/uploads\/2024\/06\/Antoni-i-Dolors-300x182.jpg 300w, https:\/\/www.rosammasana.com\/wp-content\/uploads\/2024\/06\/Antoni-i-Dolors-650x394.jpg 650w, https:\/\/www.rosammasana.com\/wp-content\/uploads\/2024\/06\/Antoni-i-Dolors.jpg 1322w\" sizes=\"(max-width: 300px) 100vw, 300px\" \/><\/a><figcaption id=\"caption-attachment-15366\" class=\"wp-caption-text\">Antoni i Dolors, fent una composici\u00f3 al seu despaig (Rosa M. Masana)<\/figcaption><\/figure>\n<p style=\"text-align: justify;\">El dia 7 de juny d&#8217;aquest 2024 en motiu de la Setmana Internacional dels Arxius, l&#8217;Arxiu Hist\u00f2ric Comarcal del Baix Empord\u00e0 va organitzar un acte consistent amb presentar la producci\u00f3 cinematografia feta durant un per\u00edode de 55 anys per Antoni Mart\u00ed i\u00a0 la Dolors Sabater, la seva muller que feia els treballs interns que requeria la productora <a title=\"Productora Videoplay\" href=\"https:\/\/www.videoplay.info\/antonimarti\/biografia1.htm\">Videoplay\u00a0 <\/a>de la Bisbal d&#8217;Empord\u00e0.<\/p>\n<figure id=\"attachment_15377\" aria-describedby=\"caption-attachment-15377\" style=\"width: 150px\" class=\"wp-caption alignright\"><a href=\"http:\/\/www.rosammasana.com\/wp-content\/uploads\/2024\/06\/Antoni-Mart\u00ed-a-la-seva-filmoteca2.jpg\"><img loading=\"lazy\" decoding=\"async\" class=\"size-thumbnail wp-image-15377\" title=\"antoni-marti-a-la-seva-filmoteca\" src=\"http:\/\/www.rosammasana.com\/wp-content\/uploads\/2024\/06\/Antoni-Mart\u00ed-a-la-seva-filmoteca2-150x150.jpg\" alt=\"\" width=\"150\" height=\"150\" \/><\/a><figcaption id=\"caption-attachment-15377\" class=\"wp-caption-text\">Antoni Mart\u00ed, al arxiu de les seves produccions cinematogr\u00e0fiques, 2023( Rosa M. Masana)<\/figcaption><\/figure>\n<p style=\"text-align: justify;\">L&#8217;acte es va celebrar al cinema-teatre del Mundial amb for\u00e7a concurr\u00e8ncia de p\u00fablic, una centenar aproximat de persones que algunes d&#8217;elles est\u00e0vem molt relacionades amb la producci\u00f3 d&#8217;audiovisual de tot arreu de Catalunya i tamb\u00e9 hi v\u00e0rem assistir una bona quantitat d&#8217;amics.<\/p>\n<p style=\"text-align: justify;\">Van ser projectats a la pantalla del cinema petits fragments de moltes de les produccions fetes en el decurs d&#8217;aquests anys, alguns d&#8217;aquests documentals estaven\u00a0 estretament vinculats al paisatge, fets i a la vida de persones\u00a0 del Baix Empord\u00e0. Dolors Sabater va adre\u00e7ar\u00a0 unes paraules al p\u00fablic i per finalitzar\u00a0 l&#8217;acte va ser projectat el documentat en record\u00a0 del cineasta afeccionat Pere Comellas de Cor\u00e7\u00e0 de manera que van intercalar part de les seves\u00a0 filmacions amb cinta de 35 mm amb blanc i negre, amb entrevistes a persones que el recordaven, entre ells la seva filla.<\/p>\n<p style=\"text-align: justify;\">El material de Pere Comelles que fins a la d\u00e8cada de l&#8217;any 2000 havia estat dins les seves respectives caixes met\u00e0l\u00b7liques al lloc on ell hi feia les projeccions, va ser cedir a la Filmoteca de Catalunya on resta preservada la seva integritat documental. De<span style=\"color: #0000ff;\"> <a style=\"color: #0000ff;\" title=\"Pere Comelles Pons\" href=\"https:\/\/drive.google.com\/file\/d\/1Uhw71QChZmQs0TLOpiET6SYU9Czn6shJ\/view\">Pere Comelles Pons, se&#8217;n pot consultar un article publicat a la Revista Baix Empord\u00e0 n\u00fam.60 de l&#8217;any 2018,<strong> pag. 70<\/strong><\/a><\/span><\/p>\n<p>\u00a0Antoni publicada a la <strong>Revista Baix Empord\u00e0 n\u00famero 83 del desembre de l&#8217;any 2023, pag. 19,<\/strong> tamb\u00e9 hi ha publicada\u00a0 una entrevista \u00a0feta a Antoni Mart\u00ed que de moment encara no esta inclosa a la\u00a0 xarxa, per\u00f2 si que la podem trobar amb format paper.\u00a0 Podem veure a Antoni a un breu v\u00eddeo fet en motiu de la <span style=\"color: #0000ff;\"><a style=\"color: #0000ff;\" title=\"Carbonera de Vulpellac\" href=\"https:\/\/youtu.be\/QnrFIogSOw0\">carbonera de\u00a0 Sant Climent -Vulpellac<\/a>&#8211;<\/span> del que ell n&#8217;ha estat tamb\u00e9 propulsor de la\u00a0 tasca de voler recuperar la t\u00e8cnica de com es feien abans les carboneres i fer-ne una representaci\u00f3 anual.<\/p>\n<p>&nbsp;<\/p>\n<figure id=\"attachment_15418\" aria-describedby=\"caption-attachment-15418\" style=\"width: 150px\" class=\"wp-caption alignright\"><a href=\"http:\/\/www.rosammasana.com\/wp-content\/uploads\/2024\/06\/La-Trobada.jpg\"><img loading=\"lazy\" decoding=\"async\" class=\"size-thumbnail wp-image-15418\" title=\"la-trobada\" src=\"http:\/\/www.rosammasana.com\/wp-content\/uploads\/2024\/06\/La-Trobada-150x150.jpg\" alt=\"\" width=\"150\" height=\"150\" \/><\/a><figcaption id=\"caption-attachment-15418\" class=\"wp-caption-text\">Cartell d&#8217;un dels curmetratges fets per A.Mart\u00ed, La Trobada gui\u00f3\u00a0 de N\u00faria Esponell\u00e0<\/figcaption><\/figure>\n<figure id=\"attachment_15361\" aria-describedby=\"caption-attachment-15361\" style=\"width: 300px\" class=\"wp-caption aligncenter\"><a href=\"http:\/\/www.rosammasana.com\/wp-content\/uploads\/2024\/06\/A.Mart\u00ed-i-Dolors-Fuster.jpg\"><img loading=\"lazy\" decoding=\"async\" class=\"size-medium wp-image-15361\" title=\"a-marti-i-dolors-fuster\" src=\"http:\/\/www.rosammasana.com\/wp-content\/uploads\/2024\/06\/A.Mart\u00ed-i-Dolors-Fuster-300x149.jpg\" alt=\"\" width=\"300\" height=\"149\" srcset=\"https:\/\/www.rosammasana.com\/wp-content\/uploads\/2024\/06\/A.Mart\u00ed-i-Dolors-Fuster-300x149.jpg 300w, https:\/\/www.rosammasana.com\/wp-content\/uploads\/2024\/06\/A.Mart\u00ed-i-Dolors-Fuster-650x323.jpg 650w\" sizes=\"(max-width: 300px) 100vw, 300px\" \/><\/a><figcaption id=\"caption-attachment-15361\" class=\"wp-caption-text\">Setmana Internacional dels Arxius. Produccions de Antoni Mart\u00ed i Dolors Fuster<\/figcaption><\/figure>\n","protected":false},"excerpt":{"rendered":"<p>El dia 7 de juny d&#8217;aquest 2024 en motiu de la Setmana Internacional dels Arxius, l&#8217;Arxiu Hist\u00f2ric Comarcal del Baix Empord\u00e0 va organitzar un acte consistent amb presentar la producci\u00f3 cinematografia feta durant un per\u00edode de 55 anys per Antoni Mart\u00ed i\u00a0 la Dolors Sabater, la seva muller que feia els treballs interns que requeria&#8230;<\/p>\n","protected":false},"author":3,"featured_media":15830,"comment_status":"open","ping_status":"open","sticky":false,"template":"","format":"standard","meta":{"footnotes":""},"categories":[8,4,16],"tags":[1810,1393,1844,1812,1811,1154,1813],"class_list":["post-15360","post","type-post","status-publish","format-standard","has-post-thumbnail","hentry","category-baix-emporda","category-diversos","category-la-bisbal-demporda","tag-55-anys-fent-cinema","tag-antoni-marti","tag-baix-emporda","tag-carbonera-de-sant-climent","tag-dia-internacional-dels-arxius","tag-dolors-fuster","tag-nuria-esponella"],"_links":{"self":[{"href":"https:\/\/www.rosammasana.com\/index.php?rest_route=\/wp\/v2\/posts\/15360"}],"collection":[{"href":"https:\/\/www.rosammasana.com\/index.php?rest_route=\/wp\/v2\/posts"}],"about":[{"href":"https:\/\/www.rosammasana.com\/index.php?rest_route=\/wp\/v2\/types\/post"}],"author":[{"embeddable":true,"href":"https:\/\/www.rosammasana.com\/index.php?rest_route=\/wp\/v2\/users\/3"}],"replies":[{"embeddable":true,"href":"https:\/\/www.rosammasana.com\/index.php?rest_route=%2Fwp%2Fv2%2Fcomments&post=15360"}],"version-history":[{"count":30,"href":"https:\/\/www.rosammasana.com\/index.php?rest_route=\/wp\/v2\/posts\/15360\/revisions"}],"predecessor-version":[{"id":16713,"href":"https:\/\/www.rosammasana.com\/index.php?rest_route=\/wp\/v2\/posts\/15360\/revisions\/16713"}],"wp:featuredmedia":[{"embeddable":true,"href":"https:\/\/www.rosammasana.com\/index.php?rest_route=\/wp\/v2\/media\/15830"}],"wp:attachment":[{"href":"https:\/\/www.rosammasana.com\/index.php?rest_route=%2Fwp%2Fv2%2Fmedia&parent=15360"}],"wp:term":[{"taxonomy":"category","embeddable":true,"href":"https:\/\/www.rosammasana.com\/index.php?rest_route=%2Fwp%2Fv2%2Fcategories&post=15360"},{"taxonomy":"post_tag","embeddable":true,"href":"https:\/\/www.rosammasana.com\/index.php?rest_route=%2Fwp%2Fv2%2Ftags&post=15360"}],"curies":[{"name":"wp","href":"https:\/\/api.w.org\/{rel}","templated":true}]}}