{"id":155,"date":"2006-11-28T10:47:33","date_gmt":"2006-11-28T08:47:33","guid":{"rendered":"http:\/\/www.rosammasana.com\/?p=155"},"modified":"2026-03-09T10:22:40","modified_gmt":"2026-03-09T08:22:40","slug":"llevadores-de-palafrugell-165-anys-dhistoria","status":"publish","type":"post","link":"https:\/\/www.rosammasana.com\/?p=155","title":{"rendered":"Llevadores de Palafrugell, 165 anys d&#8217;hist\u00f2ria"},"content":{"rendered":"<p><strong><span style=\"vertical-align: inherit;\"><span style=\"vertical-align: inherit;\">Un estudio recupera m\u00e1s de un siglo de historia de las comadronas de Palafrugell<\/span><\/span><\/strong><\/p>\n<p><span style=\"vertical-align: inherit;\"><span style=\"vertical-align: inherit;\">La primera referencia documental de las comadronas de Palafrugell data del 25 de septiembre de 1584: ese d\u00eda, la partera dio a luz a una criatura ag\u00f3nica y la misma mujer que le hab\u00eda ayudado a nacer tuvo que administrarle a toda prisa el bautismo.<\/span><\/span><!--more--><\/p>\n<p style=\"text-align: justify;\"><a href=\"http:\/\/www.rosammasana.com\/wp-content\/uploads\/2012\/05\/llibre04.jpg\"><img loading=\"lazy\" decoding=\"async\" class=\"alignleft size-medium wp-image-159\" title=\"libro04\" src=\"http:\/\/www.rosammasana.com\/wp-content\/uploads\/2012\/05\/llibre04-253x300.jpg\" alt=\"\" width=\"253\" height=\"300\" srcset=\"https:\/\/www.rosammasana.com\/wp-content\/uploads\/2012\/05\/llibre04-253x300.jpg 253w, https:\/\/www.rosammasana.com\/wp-content\/uploads\/2012\/05\/llibre04.jpg 273w\" sizes=\"(max-width: 253px) 100vw, 253px\" \/><\/a><span style=\"vertical-align: inherit;\"><span style=\"vertical-align: inherit;\">Muchas de las comadronas que han sobrevivido hasta el siglo XVIII al anonimato de aquellas habitaciones de chillidos y palanganas, mucho antes de que se extendiera el uso anest\u00e9sico del \u00e9ter y la epidural, deben su nombre al registro precisamente por la muerte, por esta su intervenci\u00f3n \u00ab <\/span><\/span><em><span style=\"vertical-align: inherit;\"><span style=\"vertical-align: inherit;\">por instante necessitate<\/span><\/span><\/em><span style=\"vertical-align: inherit;\"><span style=\"vertical-align: inherit;\"> \u00bb. Rosa M. Masana, enfermera de los servicios de salud del Baix Empord\u00e0, ha exhumado el nombre de unas cuantas de aquellas primeras asistentes del parto y de muchas posteriores en <\/span><\/span><em><span style=\"vertical-align: inherit;\"><span style=\"vertical-align: inherit;\">Matronas de Palafrugell<\/span><\/span><\/em><span style=\"vertical-align: inherit;\"><span style=\"vertical-align: inherit;\"> , el segundo t\u00edtulo de la colecci\u00f3n Mujeres con Nombre Propio impulsada por la Asociaci\u00f3n de Apoyo a la Mujer del municipio. Estructurado en tres bloques cronol\u00f3gicos que recorren la evoluci\u00f3n de la profesi\u00f3n desde sus precarios or\u00edgenes hasta la explosi\u00f3n demogr\u00e1fica de los sesenta, pasando por los a\u00f1os cruentos de la guerra, el libro parte de la refundici\u00f3n de varios art\u00edculos publicados por la propia Masana en la <\/span><\/span><em><span style=\"vertical-align: inherit;\"><span style=\"vertical-align: inherit;\">Revista de Palafrugell<\/span><\/span><\/em><span style=\"vertical-align: inherit;\"><span style=\"vertical-align: inherit;\"> entre 1999 y 2001 a partir de su investigaci\u00f3n en los archivos municipal y de la parroquia y de entrevistas con comadronas jubiladas y en activo, ampliados ahora con nuevos hallazgos y curiosidades que hacen de su estudio un documento h\u00edbrido entre el reportaje, el manual de divulgaci\u00f3n y el anecdotario. A trav\u00e9s de las p\u00e1ginas del libro, se recuerdan los tiempos que las comadronas necesitaban el consentimiento del marido para estudiar, que ten\u00edan un sueldo de 250 reales, que se desplazaban a pie o con tartana, negra noche, cargadas con la l\u00e1mpara de aceite y el agua hervida, o m\u00e1s adelante, con el malet\u00edn. Pero la historia de las comadronas es tambi\u00e9n la de la maternidad, y Masana ha recogido abundante informaci\u00f3n que abarca desde el dato administrativo, como la promulgaci\u00f3n de la ley Dato en 1900, que por primera vez regulaba un permiso de tres semanas despu\u00e9s del parte, hasta el anecdotario, el saber popular y la superstici\u00f3n, en los que no faltan la interpretaci\u00f3n de las fases de la luna ni la prueba de la rana para detectar el embarazo.\u00a0 (Pensem, no ho tenim clar que l&#8217;article \u00e9s d&#8217;Eva V\u00e1zquez)<\/span><\/span><\/p>\n<p style=\"text-align: justify;\"><a href=\"http:\/\/www.rosammasana.com\/wp-content\/uploads\/2012\/05\/llibre01.jpg\"><img loading=\"lazy\" decoding=\"async\" class=\"alignnone size-full wp-image-156\" title=\"libro01\" src=\"http:\/\/www.rosammasana.com\/wp-content\/uploads\/2012\/05\/llibre01.jpg\" alt=\"\" width=\"500\" height=\"705\" srcset=\"https:\/\/www.rosammasana.com\/wp-content\/uploads\/2012\/05\/llibre01.jpg 500w, https:\/\/www.rosammasana.com\/wp-content\/uploads\/2012\/05\/llibre01-212x300.jpg 212w\" sizes=\"(max-width: 500px) 100vw, 500px\" \/><\/a><\/p>\n<p><a href=\"http:\/\/www.rosammasana.com\/wp-content\/uploads\/2012\/05\/llibre02.jpg\"><img loading=\"lazy\" decoding=\"async\" class=\"alignnone size-full wp-image-157\" title=\"libro02\" src=\"http:\/\/www.rosammasana.com\/wp-content\/uploads\/2012\/05\/llibre02.jpg\" alt=\"\" width=\"500\" height=\"742\" srcset=\"https:\/\/www.rosammasana.com\/wp-content\/uploads\/2012\/05\/llibre02.jpg 500w, https:\/\/www.rosammasana.com\/wp-content\/uploads\/2012\/05\/llibre02-202x300.jpg 202w\" sizes=\"(max-width: 500px) 100vw, 500px\" \/><\/a><\/p>\n<p><a href=\"http:\/\/www.rosammasana.com\/wp-content\/uploads\/2012\/05\/llibre03.jpg\"><img loading=\"lazy\" decoding=\"async\" class=\"alignnone size-full wp-image-158\" title=\"libro03\" src=\"http:\/\/www.rosammasana.com\/wp-content\/uploads\/2012\/05\/llibre03.jpg\" alt=\"\" width=\"500\" height=\"733\" srcset=\"https:\/\/www.rosammasana.com\/wp-content\/uploads\/2012\/05\/llibre03.jpg 500w, https:\/\/www.rosammasana.com\/wp-content\/uploads\/2012\/05\/llibre03-204x300.jpg 204w\" sizes=\"(max-width: 500px) 100vw, 500px\" \/><\/a><\/p>\n<p style=\"text-align: justify;\"><span style=\"vertical-align: inherit;\"><span style=\"vertical-align: inherit;\">\u00a0 En la p\u00e1gina n\u00famero 49 de este libro hablamos de la matrona Enriqueta Cofan Grabul\u00f3s y m\u00e1s adelante localizamos algunas notas de prensa, la del d\u00eda 8 de agosto del a\u00f1o 1915 del Baix Empord\u00e0 dec\u00eda que E.Cofan hab\u00eda trasladado el suyo domicilio en la calle de Sant Mart\u00ed y tambi\u00e9n que las personas que necesitaran trabajos de encuadernaci\u00f3n pod\u00edan acudir a este mismo domicilio a consultar al se\u00f1or Josep Nicolau. J. Nicolau era el marido de Enriqueta.<\/span><\/span><\/p>\n<p style=\"text-align: justify;\"><span style=\"vertical-align: inherit;\"><span style=\"vertical-align: inherit;\">En el Centro Fraternal de Palafrugell se celebr\u00f3 un festival de belleza en el que particip\u00f3 la orquesta &#8216;Es Montgrins&#8217;, el Baix Empord\u00e0 del d\u00eda seis de marzo del a\u00f1o 1921 dec\u00eda que hab\u00edan sido tres las encantadoras j\u00f3venes que obtuvieron un premio, entre ellas estaba <strong>Enriqueta Cofan.<\/strong> El acto tuvo un gran \u00e9xito de p\u00fablico y se pudo destinar, derivadas de este acto, 169,95 pesetas al <strong>Asils de Vells de Palafrugell.<\/strong><\/span><\/span><\/p>\n<p style=\"text-align: justify;\"><span style=\"vertical-align: inherit;\"><span style=\"vertical-align: inherit;\">El Baix Empord\u00e0 del d\u00eda 24 de agosto de 1924 comunicaba que el viernes a las ocho de la ma\u00f1ana Enriqueta hab\u00eda muerto, alababan su trabajo y tambi\u00e9n el de esposa y madre.<\/span><\/span><\/p>\n<p style=\"text-align: justify;\"><span style=\"vertical-align: inherit;\"><span style=\"vertical-align: inherit;\">Sabemos que tambi\u00e9n ejerci\u00f3 en Palafrugell<strong> Marieta Marinyat,<\/strong> posiblemente durante poco tiempo, haciendo alguna sustituci\u00f3n porque no hemos obtenido m\u00e1s informaci\u00f3n de ella.<\/span><\/span><\/p>\n<blockquote>\n<address style=\"text-align: justify;\"><span lang=\"CA\" style=\"font-size: 14pt; font-family: 'Arial','sans-serif'; color: black;\"><span style=\"vertical-align: inherit;\"><span style=\"vertical-align: inherit;\">Comentario de Eva V\u00e1zquez: <\/span><\/span><br \/>\n<span style=\"vertical-align: inherit;\"><span style=\"vertical-align: inherit;\">Han acompa\u00f1ado, a menudo en el anonimato, el nacimiento de miles de palafrugellenses, en la penuria y en la guerra, en la dificultad y en el dolor, entre sacramentos y supersticiones, engordando anecdotarios y recuerdos. Ahora, la enfermera Rosa Maria Masana (Terrassa, 1945) las ha ordenado cronol\u00f3gicamente con nombre y apellido a <\/span><\/span><em><span style=\"vertical-align: inherit;\"><span style=\"vertical-align: inherit;\">Comadronas de Palafrugell. 165 a\u00f1os de historia<\/span><\/span><\/em><span style=\"vertical-align: inherit;\"><span style=\"vertical-align: inherit;\"> .<\/span><\/span><\/span><\/address>\n<address class=\"MsoNormal\" style=\"margin-bottom: 12pt; line-height: normal; text-align: justify;\">\u00a0<\/address>\n<h4 class=\"MsoNormal\" style=\"margin-bottom: 12pt; line-height: normal; text-align: justify;\"><span style=\"vertical-align: inherit;\"><span style=\"vertical-align: inherit;\">Comentario publicado en la revista digital &#8216;Enfermer\u00eda Avanza&#8217; dirigida por Manuel Solorzano el d\u00eda 12 de enero del a\u00f1o 2009. Para leer m\u00e1s click en :<\/span><\/span><\/h4>\n<address class=\"MsoNormal\" style=\"margin-bottom: 12pt; line-height: normal; text-align: justify;\"><strong><a href=\"http:\/\/enfeps.blogspot.com.es\/2009\/01\/las-parteras-de-palafrugell.html\"><span style=\"vertical-align: inherit;\"><span style=\"vertical-align: inherit;\">Comadronas de Palafrugell<\/span><\/span><\/a>\u00a0\u00a0<\/strong><span style=\"font-style: normal;\"><span style=\"vertical-align: inherit;\"><span style=\"vertical-align: inherit;\"> 165 a\u00f1os de historia<\/span><\/span><\/span><\/address>\n<p class=\"MsoNormal\" style=\"margin-bottom: 12pt; line-height: normal; text-align: justify;\"><span style=\"font-style: normal;\"><span style=\"vertical-align: inherit;\"><span style=\"vertical-align: inherit;\">Magn\u00edfico libro realizado por la enfermera Rosa Mar\u00eda Masana Ribas, hecho en catal\u00e1n y su significado en castellano ser\u00eda \u201cParteras o Matronas de Palafrugell. 165 a\u00f1os de historia\u201d.<\/span><\/span><\/span><\/p>\n<p><span style=\"vertical-align: inherit;\"><span style=\"vertical-align: inherit;\">El libro contiene 119 p\u00e1ginas, entre ellas guapas fotos rehaciendo la historia que sin estar en este libro, seguramente se habr\u00eda perdido. El libro est\u00e1 editado por Asociaci\u00f3n Apoyo a la Mujer de Palafrugell.<\/span><\/span><\/p>\n<p><span style=\"vertical-align: inherit;\"><span style=\"vertical-align: inherit;\">Noticias aparecidas en la prensa local.<\/span><\/span><\/p>\n<figure id=\"attachment_9359\" aria-describedby=\"caption-attachment-9359\" style=\"width: 300px\" class=\"wp-caption aligncenter\"><a href=\"http:\/\/www.rosammasana.com\/wp-content\/uploads\/2006\/11\/Nou-Palaf.-12-2006.jpg\"><img loading=\"lazy\" decoding=\"async\" class=\"size-medium wp-image-9359\" title=\"nuevo-palaf-12-2006\" src=\"http:\/\/www.rosammasana.com\/wp-content\/uploads\/2006\/11\/Nou-Palaf.-12-2006-300x273.jpg\" alt=\"\" width=\"300\" height=\"273\" srcset=\"https:\/\/www.rosammasana.com\/wp-content\/uploads\/2006\/11\/Nou-Palaf.-12-2006-300x273.jpg 300w, https:\/\/www.rosammasana.com\/wp-content\/uploads\/2006\/11\/Nou-Palaf.-12-2006-650x593.jpg 650w, https:\/\/www.rosammasana.com\/wp-content\/uploads\/2006\/11\/Nou-Palaf.-12-2006.jpg 2000w\" sizes=\"(max-width: 300px) 100vw, 300px\" \/><\/a><figcaption id=\"caption-attachment-9359\" class=\"wp-caption-text\">Publicaci\u00f3n en el Nou Palafrugell, diciembre 2006<\/figcaption><\/figure>\n<h4 class=\"MsoNormal\" style=\"margin-bottom: 12pt; line-height: normal; text-align: justify;\"><\/h4>\n<figure id=\"attachment_9360\" aria-describedby=\"caption-attachment-9360\" style=\"width: 300px\" class=\"wp-caption aligncenter\"><a href=\"http:\/\/www.rosammasana.com\/wp-content\/uploads\/2006\/11\/Nou-Palafrugell-2006.jpg\"><img loading=\"lazy\" decoding=\"async\" class=\"size-medium wp-image-9360\" title=\"nuevo-palafrugell-2006\" src=\"http:\/\/www.rosammasana.com\/wp-content\/uploads\/2006\/11\/Nou-Palafrugell-2006-300x155.jpg\" alt=\"\" width=\"300\" height=\"155\" srcset=\"https:\/\/www.rosammasana.com\/wp-content\/uploads\/2006\/11\/Nou-Palafrugell-2006-300x155.jpg 300w, https:\/\/www.rosammasana.com\/wp-content\/uploads\/2006\/11\/Nou-Palafrugell-2006-650x337.jpg 650w, https:\/\/www.rosammasana.com\/wp-content\/uploads\/2006\/11\/Nou-Palafrugell-2006.jpg 1900w\" sizes=\"(max-width: 300px) 100vw, 300px\" \/><\/a><figcaption id=\"caption-attachment-9360\" class=\"wp-caption-text\">Noticia en el Nuevo Nuevo, 2006<\/figcaption><\/figure>\n<figure id=\"attachment_14941\" aria-describedby=\"caption-attachment-14941\" style=\"width: 195px\" class=\"wp-caption alignleft\"><a href=\"http:\/\/www.rosammasana.com\/wp-content\/uploads\/2006\/11\/Poster-Llevadores-.jpg\"><img loading=\"lazy\" decoding=\"async\" class=\"size-medium wp-image-14941\" title=\"poster-llevadores\" src=\"http:\/\/www.rosammasana.com\/wp-content\/uploads\/2006\/11\/Poster-Llevadores--195x300.jpg\" alt=\"\" width=\"195\" height=\"300\" srcset=\"https:\/\/www.rosammasana.com\/wp-content\/uploads\/2006\/11\/Poster-Llevadores--195x300.jpg 195w, https:\/\/www.rosammasana.com\/wp-content\/uploads\/2006\/11\/Poster-Llevadores--424x650.jpg 424w\" sizes=\"(max-width: 195px) 100vw, 195px\" \/><\/a><figcaption id=\"caption-attachment-14941\" class=\"wp-caption-text\">Cartell publicitari per la presentaci\u00f3 del llibre<\/figcaption><\/figure><\/blockquote>\n","protected":false},"excerpt":{"rendered":"<p>Un estudio recupera m\u00e1s de un siglo de historia de las comadronas de Palafrugell La primera referencia documental de las comadronas de Palafrugell data del 25 de septiembre de 1584: ese d\u00eda, la partera dio a luz a una criatura ag\u00f3nica y la misma mujer que le hab\u00eda ayudado a nacer tuvo que administrarle a&#8230;<\/p>\n","protected":false},"author":1,"featured_media":156,"comment_status":"open","ping_status":"open","sticky":false,"template":"","format":"standard","meta":{"footnotes":""},"categories":[8,31,5,18,13],"tags":[2387,2255,1847],"class_list":["post-155","post","type-post","status-publish","format-standard","has-post-thumbnail","hentry","category-baix-emporda","category-destacats","category-llevadores","category-palafrugell","category-pobles","tag-comentari-de-m-anuel-solorzano165-anys-dhistoria-article-que-en-parla","tag-llevadores-de-palafrugell","tag-palafrugell"],"_links":{"self":[{"href":"https:\/\/www.rosammasana.com\/index.php?rest_route=\/wp\/v2\/posts\/155"}],"collection":[{"href":"https:\/\/www.rosammasana.com\/index.php?rest_route=\/wp\/v2\/posts"}],"about":[{"href":"https:\/\/www.rosammasana.com\/index.php?rest_route=\/wp\/v2\/types\/post"}],"author":[{"embeddable":true,"href":"https:\/\/www.rosammasana.com\/index.php?rest_route=\/wp\/v2\/users\/1"}],"replies":[{"embeddable":true,"href":"https:\/\/www.rosammasana.com\/index.php?rest_route=%2Fwp%2Fv2%2Fcomments&post=155"}],"version-history":[{"count":32,"href":"https:\/\/www.rosammasana.com\/index.php?rest_route=\/wp\/v2\/posts\/155\/revisions"}],"predecessor-version":[{"id":18394,"href":"https:\/\/www.rosammasana.com\/index.php?rest_route=\/wp\/v2\/posts\/155\/revisions\/18394"}],"wp:featuredmedia":[{"embeddable":true,"href":"https:\/\/www.rosammasana.com\/index.php?rest_route=\/wp\/v2\/media\/156"}],"wp:attachment":[{"href":"https:\/\/www.rosammasana.com\/index.php?rest_route=%2Fwp%2Fv2%2Fmedia&parent=155"}],"wp:term":[{"taxonomy":"category","embeddable":true,"href":"https:\/\/www.rosammasana.com\/index.php?rest_route=%2Fwp%2Fv2%2Fcategories&post=155"},{"taxonomy":"post_tag","embeddable":true,"href":"https:\/\/www.rosammasana.com\/index.php?rest_route=%2Fwp%2Fv2%2Ftags&post=155"}],"curies":[{"name":"wp","href":"https:\/\/api.w.org\/{rel}","templated":true}]}}