{"id":17670,"date":"2025-08-11T10:05:25","date_gmt":"2025-08-11T08:05:25","guid":{"rendered":"https:\/\/www.rosammasana.com\/?p=17670"},"modified":"2025-08-11T10:05:25","modified_gmt":"2025-08-11T08:05:25","slug":"anecdotes-dun-bomber","status":"publish","type":"post","link":"https:\/\/www.rosammasana.com\/?p=17670","title":{"rendered":"An\u00e8cdotes d\u2019un bomber"},"content":{"rendered":"<p><span style=\"font-size: 110%;\">Quan era bastant petita, potser tenia cinc o sis anys, el meu germ\u00e0 Josep feia de bomber voluntari. Treballava a un taller que feia xamfr\u00e0 amb casa nostra, al carrer Galileu, paral\u00b7lel a la Rambla, amb nom\u00e9s el carrer Arqu\u00edmedes pel mig.<\/span><\/p>\n<p><span style=\"font-size: 110%;\">Quan hi havia un incendi, des de la central de bombers del carrer Gaud\u00ed tocaven una sirena que ressonava per tot el centre de Terrassa. Aquesta era la consigna perqu\u00e8 els bombers voluntaris anessin corrents cap a uns punts determinats de la Rambla, on pujaven als camions.<\/span><\/p>\n<p><span style=\"font-size: 110%;\">Com que en Josep treballava tan a prop de casa, venia com un llampec a buscar la pallissa de pell, el casc amb la cresta met\u00e0l\u00b7lica i les botes. Se les posava a corre-cuita i marxava mig vestint-se. Si jo era a casa, corria darrere seu per veure com baixava carrer avall fent gambades.<\/span><\/p>\n<figure id=\"attachment_17700\" aria-describedby=\"caption-attachment-17700\" style=\"width: 150px\" class=\"wp-caption alignleft\"><img loading=\"lazy\" decoding=\"async\" class=\"size-thumbnail wp-image-17700\" src=\"http:\/\/www.rosammasana.com\/wp-content\/uploads\/2025\/08\/Sense-titol-1-150x150.png\" alt=\"\" width=\"150\" height=\"150\" \/><figcaption id=\"caption-attachment-17700\" class=\"wp-caption-text\"><em><span style=\"font-size: 85%;\">Bombers on es veu l&#8217;uniforme que diuen<\/span><\/em><\/figcaption><\/figure>\n<p><span style=\"font-size: 110%;\">Una de les an\u00e8cdotes que vull explicar va passar una nit. No recordo si era el primer dia que li havien donat l\u2019uniforme o no, per\u00f2 el cas \u00e9s que havia deixat penjada darrere la porta de l\u2019habitaci\u00f3 la pallissa, el casc i les botes al terra.<\/span><\/p>\n<p><span style=\"font-size: 110%;\">A mitja nit, vam sentir uns crits d\u2019esglai:<\/span><\/p>\n<p><span style=\"font-size: 110%;\">\u2014Un home! Hi ha un home!<\/span><\/p>\n<p><span style=\"font-size: 110%;\">Era l\u2019Anna, morta de por. A mi tamb\u00e9 em va semblar veure un fantasma. Els pares van venir corrents i van encendre el llum, per\u00f2 no hi havia ning\u00fa. El que passava era que un raig de claror del carrer incidia sobre els botons i la corretja del casc, donant l\u2019aparen\u00e7a d\u2019un homenot amb ulls grocs.<\/span><\/p>\n<p><span style=\"font-size: 110%;\">Una altra escena divertida relacionada amb l\u2019uniforme de bomber t\u00e9 a veure amb el fet que ell tenia vint-i-un anys m\u00e9s que jo. Jo era la petita, i sovint li agradava fer-me la guitza. Quan arribava a casa, si est\u00e0vem dinant i jo estava asseguda davant del calaix del pa, m\u2019agafava per les trenes, posava el genoll a la cadira i m\u2019estirava cap enrere fins a fer caure la cadira&#8230; i jo amb ella. Els pares el renyaven, per\u00f2 ell seguia fent-ho.<\/span><\/p>\n<p><span style=\"font-size: 110%;\">Fins que un dia, menjant-me un pr\u00e9ssec de vinya \u2014d\u2019aquells de sec\u00e0 que fan tanta olor i tenen una mica de resina a la pell\u2014, en acabar, vaig llen\u00e7ar el pinyol dins d\u2019una de les seves botes de bomber.<\/span><\/p>\n<p><span style=\"font-size: 110%;\">Quan van tornar a tocar a foc, jo ja no me\u2019n recordava del pinyol. Per\u00f2 ell va tornar a casa explicant que havia hagut de c\u00f3rrer fins a la Rambla amb \u201cun bony clavat al peu\u201d.<\/span><\/p>\n<p><span style=\"font-size: 110%;\">La mare, en sentir-ho, li va dir:<\/span><\/p>\n<p><span style=\"font-size: 110%;\">\u2014A veure si t\u2019escarmentes i la deixes tranquil\u00b7la!<\/span><\/p>\n<p><span style=\"font-size: 110%;\">I efectivament, <strong>no em va tornar a estirar mai m\u00e9s de les trenes<\/strong>.<\/span><\/p>\n<p><span style=\"font-size: 110%;\">Amb aquestes an\u00e8cdotes repetides, hem tingut l\u2019oportunitat de recordar-lo novament. I aix\u00f2 sempre \u00e9s bonic.<\/span><\/p>\n<figure id=\"attachment_17671\" aria-describedby=\"caption-attachment-17671\" style=\"width: 300px\" class=\"wp-caption aligncenter\"><img loading=\"lazy\" decoding=\"async\" class=\"size-medium wp-image-17671\" src=\"http:\/\/www.rosammasana.com\/wp-content\/uploads\/2025\/08\/Sense-titol-300x117.png\" alt=\"\" width=\"300\" height=\"117\" srcset=\"https:\/\/www.rosammasana.com\/wp-content\/uploads\/2025\/08\/Sense-titol-300x117.png 300w, https:\/\/www.rosammasana.com\/wp-content\/uploads\/2025\/08\/Sense-titol-650x254.png 650w, https:\/\/www.rosammasana.com\/wp-content\/uploads\/2025\/08\/Sense-titol-768x301.png 768w, https:\/\/www.rosammasana.com\/wp-content\/uploads\/2025\/08\/Sense-titol.png 991w\" sizes=\"(max-width: 300px) 100vw, 300px\" \/><figcaption id=\"caption-attachment-17671\" class=\"wp-caption-text\">Cascs de bomber del PDF fet anteriorment.<\/figcaption><\/figure>\n<p>&nbsp;<\/p>\n<p><span style=\"font-size: 115%;\">\ud83d\udc49 <a href=\"https:\/\/www.rosammasana.com\/?p=817\" target=\"_new\" rel=\"noopener\">Enlla\u00e7 a la cr\u00f2nica completa d\u2019en Josep<\/a><\/span><\/p>\n","protected":false},"excerpt":{"rendered":"<p>Quan era bastant petita, potser tenia cinc o sis anys, el meu germ\u00e0 Josep feia de bomber voluntari. Treballava a un taller que feia xamfr\u00e0 amb casa nostra, al carrer Galileu, paral\u00b7lel a la Rambla, amb nom\u00e9s el carrer Arqu\u00edmedes pel mig. Quan hi havia un incendi, des de la central de bombers del carrer&#8230;<\/p>\n","protected":false},"author":3,"featured_media":17672,"comment_status":"open","ping_status":"open","sticky":false,"template":"","format":"standard","meta":{"footnotes":""},"categories":[2161,14],"tags":[2169,1580,2019],"class_list":["post-17670","post","type-post","status-publish","format-standard","has-post-thumbnail","hentry","category-anecdotes","category-terrassa-pobles","tag-anecdotes-e-bomber","tag-josep-masana-ribas","tag-terrassaa"],"_links":{"self":[{"href":"https:\/\/www.rosammasana.com\/index.php?rest_route=\/wp\/v2\/posts\/17670"}],"collection":[{"href":"https:\/\/www.rosammasana.com\/index.php?rest_route=\/wp\/v2\/posts"}],"about":[{"href":"https:\/\/www.rosammasana.com\/index.php?rest_route=\/wp\/v2\/types\/post"}],"author":[{"embeddable":true,"href":"https:\/\/www.rosammasana.com\/index.php?rest_route=\/wp\/v2\/users\/3"}],"replies":[{"embeddable":true,"href":"https:\/\/www.rosammasana.com\/index.php?rest_route=%2Fwp%2Fv2%2Fcomments&post=17670"}],"version-history":[{"count":2,"href":"https:\/\/www.rosammasana.com\/index.php?rest_route=\/wp\/v2\/posts\/17670\/revisions"}],"predecessor-version":[{"id":17701,"href":"https:\/\/www.rosammasana.com\/index.php?rest_route=\/wp\/v2\/posts\/17670\/revisions\/17701"}],"wp:featuredmedia":[{"embeddable":true,"href":"https:\/\/www.rosammasana.com\/index.php?rest_route=\/wp\/v2\/media\/17672"}],"wp:attachment":[{"href":"https:\/\/www.rosammasana.com\/index.php?rest_route=%2Fwp%2Fv2%2Fmedia&parent=17670"}],"wp:term":[{"taxonomy":"category","embeddable":true,"href":"https:\/\/www.rosammasana.com\/index.php?rest_route=%2Fwp%2Fv2%2Fcategories&post=17670"},{"taxonomy":"post_tag","embeddable":true,"href":"https:\/\/www.rosammasana.com\/index.php?rest_route=%2Fwp%2Fv2%2Ftags&post=17670"}],"curies":[{"name":"wp","href":"https:\/\/api.w.org\/{rel}","templated":true}]}}