{"id":18138,"date":"2026-01-23T19:00:30","date_gmt":"2026-01-23T17:00:30","guid":{"rendered":"https:\/\/www.rosammasana.com\/?p=18138"},"modified":"2026-01-23T19:00:30","modified_gmt":"2026-01-23T17:00:30","slug":"la-caseta-de-peons-caminers-i-el-servei-de-correus-de-torrent-pals-i-palau-sator-1956","status":"publish","type":"post","link":"https:\/\/www.rosammasana.com\/?p=18138","title":{"rendered":"La caseta de peons caminers i el servei de correus de Torrent, Pals i Palau-sator (1956)"},"content":{"rendered":"<p align=\"left\"><em><span style=\"font-family: 'Liberation Serif', serif; font-size: 110%;\">Aquest text va ser publicat per Rosa M. Masana al Butllet\u00ed el Llentiscle de Torrent n\u00fam.17 de l&#8217;any 2025. El podem trobar digitalitzat a la web de l&#8217;Ajuntament de Torrent.\u00a0<\/span><\/em><\/p>\n<p align=\"left\"><span style=\"font-family: Liberation Serif, serif;\">En la correspond\u00e8ncia municipal de Torrent, dipositada a l\u2019Arxiu Comarcal del Baix Empord\u00e0, hi vam localitzar una carta de l\u2019administrador de l\u2019oficina de Correus de Palafrugell adre\u00e7ada a l\u2019alcalde de Torrent i datada el 14 de maig de 1956.<\/span><\/p>\n<p align=\"left\"><span style=\"font-family: Liberation Serif, serif;\">El motiu era demanar perm\u00eds per habilitar una habitaci\u00f3 de la <\/span><strong><span style=\"font-family: Liberation Serif, serif;\">Caseta dels Peons Caminers<\/span><\/strong><span style=\"font-family: Liberation Serif, serif;\"> (CPC) perqu\u00e8 els carters de Torrent, Pals i Palau-sator hi poguessin refugiar-se en dies de pluja mentre esperaven l\u2019arribada de la correspond\u00e8ncia portada des de Girona per l\u2019autob\u00fas de la Sarfa (1). A m\u00e9s, l\u2019espai serviria per classificar les cartes destinades a cada municipi.<\/span><\/p>\n<figure id=\"attachment_18139\" aria-describedby=\"caption-attachment-18139\" style=\"width: 214px\" class=\"wp-caption aligncenter\"><a href=\"https:\/\/www.rosammasana.com\/?attachment_id=18139#main\" rel=\"attachment wp-att-18139\"><img loading=\"lazy\" decoding=\"async\" class=\"size-medium wp-image-18139\" src=\"http:\/\/www.rosammasana.com\/wp-content\/uploads\/2026\/01\/reduida-214x300.png\" alt=\"\" width=\"214\" height=\"300\" srcset=\"https:\/\/www.rosammasana.com\/wp-content\/uploads\/2026\/01\/reduida-214x300.png 214w, https:\/\/www.rosammasana.com\/wp-content\/uploads\/2026\/01\/reduida-464x650.png 464w, https:\/\/www.rosammasana.com\/wp-content\/uploads\/2026\/01\/reduida-768x1076.png 768w, https:\/\/www.rosammasana.com\/wp-content\/uploads\/2026\/01\/reduida-1096x1536.png 1096w, https:\/\/www.rosammasana.com\/wp-content\/uploads\/2026\/01\/reduida.png 1100w\" sizes=\"(max-width: 214px) 100vw, 214px\" \/><\/a><figcaption id=\"caption-attachment-18139\" class=\"wp-caption-text\">Imatge de la carta de l\u2019Administrador de Correus dirigida al batlle (1956) Font: Arxiu Comarcal Baix Empord\u00e0.<\/figcaption><\/figure>\n<p align=\"left\"><span style=\"font-family: Liberation Serif, serif;\">El subministrament del correu amb l\u2019autob\u00fas s\u2019havia iniciat quan va deixar de funcionar el Tramvia del Baix Empord\u00e0, popularment conegut com <\/span><em><span style=\"font-family: Liberation Serif, serif;\">el carrilet<\/span><\/em><span style=\"font-family: Liberation Serif, serif;\">, que fins aleshores havia estat el principal transportador de correspond\u00e8ncia.<\/span><\/p>\n<p align=\"left\"><span style=\"font-family: Liberation Serif, serif;\">Segons l\u2019administrador, la caseta era situada a la cru\u00eflla de la carretera de Girona a Palam\u00f3s \u2014l\u2019actual C-66\u2014 amb el trencall de Torrent.<\/span><\/p>\n<h3 class=\"western\" align=\"left\">Records del ve\u00efnat<\/h3>\n<p align=\"left\"><span style=\"font-family: Liberation Serif, serif;\">Alguns vilatans de Torrent recorden que el paratge d\u2019aquelles cru\u00eflles \u00e9s avui molt diferent, ja que les obres de moviment de terres n\u2019han canviat l\u2019aspecte. Expliquen tamb\u00e9 que a la zona hi havia la coneguda <\/span><strong><span style=\"font-family: Liberation Serif, serif;\">Barrera<\/span><\/strong><span style=\"font-family: Liberation Serif, serif;\">, tot i que sense donar-ne detalls; podria tractar-se, potser, d\u2019una depend\u00e8ncia del <\/span><em><span style=\"font-family: Liberation Serif, serif;\">burot<\/span><\/em><span style=\"font-family: Liberation Serif, serif;\"> (2).<\/span><\/p>\n<p align=\"left\"><span style=\"font-family: Liberation Serif, serif;\">La descoberta d\u2019aquesta carta ens va portar a investigar si quedaven vestigis de la CPC, per\u00f2 fins ara no n\u2019hem localitzat cap altra refer\u00e8ncia ni documental ni geogr\u00e0fica.<\/span><\/p>\n<p align=\"left\"><span style=\"font-family: Liberation Serif, serif;\">El ninotaire Miquel Llenas, conegut com a <\/span><em><span style=\"font-family: Liberation Serif, serif;\">Lay<\/span><\/em><span style=\"font-family: Liberation Serif, serif;\">, explica que a la caseta hi havia viscut el matrimoni format per Joan Cuenca i Isabel Guill\u00e9n, amb tres filles: Maria, Isabel i Roser. Alguna d\u2019elles encara viu al Baix Empord\u00e0, per\u00f2 en un altre poble.<\/span><\/p>\n<h3 class=\"western\" align=\"left\">Es carters del temps passat<\/h3>\n<p align=\"left\"><strong><span style=\"font-family: Liberation Serif, serif;\">A Torrent<\/span><\/strong><span style=\"font-family: Liberation Serif, serif;\">, el carter m\u00e9s recordat \u00e9s <\/span><strong><span style=\"font-family: Liberation Serif, serif;\">Pere Can\u00e9<\/span><\/strong><span style=\"font-family: Liberation Serif, serif;\">, que tamb\u00e9 feia de fuster, constru\u00efa caixes per a difunts i havia estat alguatzil i campaner. Se\u2019l coneixia com <\/span><em><span style=\"font-family: Liberation Serif, serif;\">en Sort<\/span><\/em><span style=\"font-family: Liberation Serif, serif;\">. A principis dels anys seixanta va delegar la feina de carter a Miquel Ral i, m\u00e9s tard, al seu fill <\/span><span style=\"font-family: Liberation Serif, serif;\">Sebasti\u00e0 Caner Carreras<\/span><span style=\"font-family: Liberation Serif, serif;\"> (3).<\/span><\/p>\n<p align=\"left\"><strong><span style=\"font-family: Liberation Serif, serif;\">A Pals<\/span><\/strong><span style=\"font-family: Liberation Serif, serif;\">, el carter era <\/span><strong><span style=\"font-family: Liberation Serif, serif;\">Salvador Geli Reig<\/span><\/strong><span style=\"font-family: Liberation Serif, serif;\">, casat amb Neus Ferrer. El seu fill, Pere Geli Ferrer, tamb\u00e9 carter, explica que eren tota una nissaga dedicada al servei postal, perqu\u00e8 ja l\u2019avi havia exercit aquest ofici. Salvador treball\u00e0 de 1939 a 1950, i durant els estius, amb l\u2019arribada massiva d\u2019estiuejants i el creixement dels c\u00e0mpings (C\u00edpsela, Neptuno, Interpals, Platja Brava i Mas Patoxas), el volum de correspond\u00e8ncia \u2014sobretot postals\u2014 augmentava exponencialment. Llavors la seva dona l\u2019ajudava a repartir quilos i quilos de<\/span><span style=\"font-family: Liberation Serif, serif;\"> cartes.<\/span><\/p>\n<figure id=\"attachment_18147\" aria-describedby=\"caption-attachment-18147\" style=\"width: 300px\" class=\"wp-caption aligncenter\"><a href=\"https:\/\/www.rosammasana.com\/?attachment_id=18147#main\" rel=\"attachment wp-att-18147\"><img loading=\"lazy\" decoding=\"async\" class=\"size-medium wp-image-18147\" src=\"http:\/\/www.rosammasana.com\/wp-content\/uploads\/2026\/01\/Sense-titol-300x181.png\" alt=\"\" width=\"300\" height=\"181\" srcset=\"https:\/\/www.rosammasana.com\/wp-content\/uploads\/2026\/01\/Sense-titol-300x181.png 300w, https:\/\/www.rosammasana.com\/wp-content\/uploads\/2026\/01\/Sense-titol-650x391.png 650w, https:\/\/www.rosammasana.com\/wp-content\/uploads\/2026\/01\/Sense-titol-768x463.png 768w, https:\/\/www.rosammasana.com\/wp-content\/uploads\/2026\/01\/Sense-titol-1536x925.png 1536w, https:\/\/www.rosammasana.com\/wp-content\/uploads\/2026\/01\/Sense-titol.png 1662w\" sizes=\"(max-width: 300px) 100vw, 300px\" \/><\/a><figcaption id=\"caption-attachment-18147\" class=\"wp-caption-text\">Salvador Geli i Sebasti\u00e0 Caner, carters de Pals i de Torrent<\/figcaption><\/figure>\n<p align=\"left\">\n<p align=\"justify\"><a href=\"https:\/\/www.rosammasana.com\/?attachment_id=18142#main\" rel=\"attachment wp-att-18142\"><img decoding=\"async\" class=\"aligncenter size-full wp-image-18142\" src=\"http:\/\/www.rosammasana.com\/wp-content\/uploads\/2026\/01\/2-Salvador-Geli-carter-de-Pals.tif\" alt=\"\" \/><\/a><\/p>\n<p align=\"left\"><span style=\"font-family: Liberation Serif, serif;\">Quan Salvador es va jubilar, el seu fill Pere va agafar el relleu, juntament amb la seva esposa, Marisol Perea, que havia guanyat pla\u00e7a oficial despr\u00e9s d\u2019aprovar les oposicions (4).<\/span><\/p>\n<p align=\"left\"><span style=\"font-family: Liberation Serif, serif;\">Pel que fa a la CPC, Pere Geli recorda que, de petit, a vegades l\u2019acompanyava amb la moto Guzzi i no recorda que mai s\u2019hi hagu\u00e9s fet la classificaci\u00f3 del correu; si plovia, simplement s\u2019aixoplugaven sota un pont. En aquella \u00e8poca, diu, el correu ja venia classificat des de Girona. Aix\u00ed doncs, resta el dubte de si la petici\u00f3 de l\u2019administrador va ser mai atesa.<\/span><\/p>\n<p align=\"left\"><strong><span style=\"font-family: Liberation Serif, serif;\">A Palau-sator<\/span><\/strong><span style=\"font-family: Liberation Serif, serif;\">, el carter era <\/span><strong><span style=\"font-family: Liberation Serif, serif;\">Lloren\u00e7 Casamort<\/span><\/strong><span style=\"font-family: Liberation Serif, serif;\">. Nom\u00e9s la Francisqueta Lloberas en conserva algun record: diu que vivia amb dos fills en una casa del poble que, anys enrere, havia estat utilitzada com a pres\u00f3.<\/span><\/p>\n<p align=\"left\"><a href=\"https:\/\/www.rosammasana.com\/?attachment_id=18140#main\" rel=\"attachment wp-att-18140\"><img loading=\"lazy\" decoding=\"async\" class=\"aligncenter size-medium wp-image-18140\" src=\"http:\/\/www.rosammasana.com\/wp-content\/uploads\/2026\/01\/3-Tractat-camins-215x300.png\" alt=\"\" width=\"215\" height=\"300\" srcset=\"https:\/\/www.rosammasana.com\/wp-content\/uploads\/2026\/01\/3-Tractat-camins-215x300.png 215w, https:\/\/www.rosammasana.com\/wp-content\/uploads\/2026\/01\/3-Tractat-camins-466x650.png 466w, https:\/\/www.rosammasana.com\/wp-content\/uploads\/2026\/01\/3-Tractat-camins.png 485w\" sizes=\"(max-width: 215px) 100vw, 215px\" \/><\/a><\/p>\n<p align=\"justify\"><span style=\"color: #2a6099;\"><i>\u00a0P\u00e0gina del tractat de \u2018Caminos p\u00fablicos\u2019 de Thomas Fern\u00e1ndez de Mesa ,1755 obtingut de Carlos Casas. <\/i><\/span><\/p>\n<h3 class=\"western\" align=\"left\">Els guardes i peons de camins<\/h3>\n<p align=\"left\"><span style=\"font-family: Liberation Serif, serif;\">La figura dels <\/span><strong><span style=\"font-family: Liberation Serif, serif;\">guardes de camins<\/span><\/strong><span style=\"font-family: Liberation Serif, serif;\"> ja existia al segle XVIII: el 1790 tenien rang d\u2019autoritat i anaven armats per protegir els camins i evitar tant desperfectes com assalts.<\/span><\/p>\n<p align=\"left\"><span style=\"font-family: Liberation Serif, serif;\">Les <\/span><strong><span style=\"font-family: Liberation Serif, serif;\">casetes de peons caminers<\/span><\/strong><span style=\"font-family: Liberation Serif, serif;\"> es van comen\u00e7ar a regular amb el Reial decret del 25 de juny de 1852, tot i que no entraren en vigor fins al 1859. Els habitatges familiars foren projectats pels arquitectes Lucio del Valle, V\u00edctor Mart\u00ed i \u00c1ngel Mayo. La seva tasca consistia a mantenir el ferm, controlar la vegetaci\u00f3 i assegurar els desaig\u00fces. Normalment, cada pe\u00f3 tenia assignats uns 5 km de cam\u00ed (5).<\/span><\/p>\n<figure id=\"attachment_18141\" aria-describedby=\"caption-attachment-18141\" style=\"width: 300px\" class=\"wp-caption aligncenter\"><a href=\"https:\/\/www.rosammasana.com\/?attachment_id=18141#main\" rel=\"attachment wp-att-18141\"><img loading=\"lazy\" decoding=\"async\" class=\"size-medium wp-image-18141\" src=\"http:\/\/www.rosammasana.com\/wp-content\/uploads\/2026\/01\/4-Model-de-caseta-Alzado-1859-300x201.png\" alt=\"\" width=\"300\" height=\"201\" srcset=\"https:\/\/www.rosammasana.com\/wp-content\/uploads\/2026\/01\/4-Model-de-caseta-Alzado-1859-300x201.png 300w, https:\/\/www.rosammasana.com\/wp-content\/uploads\/2026\/01\/4-Model-de-caseta-Alzado-1859-650x436.png 650w, https:\/\/www.rosammasana.com\/wp-content\/uploads\/2026\/01\/4-Model-de-caseta-Alzado-1859-768x515.png 768w, https:\/\/www.rosammasana.com\/wp-content\/uploads\/2026\/01\/4-Model-de-caseta-Alzado-1859.png 833w\" sizes=\"(max-width: 300px) 100vw, 300px\" \/><\/a><figcaption id=\"caption-attachment-18141\" class=\"wp-caption-text\">Model d\u2019una caseta de Peons caminers. Alzada 1859<\/figcaption><\/figure>\n<p align=\"left\"><strong><span style=\"font-family: Liberation Serif, serif;\">Nota final<\/span><\/strong><span style=\"font-family: Liberation Serif, serif;\"><br \/>\nAquest escrit vol recuperar una part de la mem\u00f2ria local vinculada a la vida quotidiana de Torrent, Pals i Palau-sator a mitjans del segle XX. M\u00e9s enll\u00e0 de la funci\u00f3 pr\u00e0ctica de la caseta de peons caminers i del servei de correus, hi trobem la petjada de persones, fam\u00edlies i oficis que, amb la seva activitat del dia a dia complementen la hist\u00f2ria d\u2019una vila. <\/span><\/p>\n<hr size=\"1\" \/>\n<h3 class=\"western\" align=\"left\">Notes<\/h3>\n<ol>\n<li>\n<p align=\"left\"><span style=\"font-family: Liberation Serif, serif;\">La Sarfa va ser creada el 1921 i el seu nom prov\u00e9 de les sigles dels fundadors: <\/span><strong><span style=\"font-family: Liberation Serif, serif;\">Societat An\u00f2nima Ribot, Font i Artigas<\/span><\/strong><span style=\"font-family: Liberation Serif, serif;\">. El 2009 s\u2019integr\u00e0 al grup Moventia.<\/span><\/p>\n<\/li>\n<li>\n<p align=\"left\"><span style=\"font-family: Liberation Serif, serif;\">El <\/span><em><span style=\"font-family: Liberation Serif, serif;\">burot<\/span><\/em><span style=\"font-family: Liberation Serif, serif;\"> era un funcionari municipal que cobrava els drets d\u2019entrada d\u2019alguns articles, sobretot queviures. Aquest servei es va mantenir fins al 1960.<\/span><\/p>\n<\/li>\n<li>\n<p align=\"left\"><span style=\"font-family: Liberation Serif, serif;\">Masana, Rosa M. <\/span><em><span style=\"font-family: Liberation Serif, serif;\">Entrevista a Sebasti\u00e0 Caner<\/span><\/em><span style=\"font-family: Liberation Serif, serif;\">. Revista <\/span><em><span style=\"font-family: Liberation Serif, serif;\">El Llentiscle<\/span><\/em><span style=\"font-family: Liberation Serif, serif;\"> de Torrent, n\u00fam. 5 (desembre 2013), p\u00e0g. 18-19. Tamb\u00e9 a: <\/span><a href=\"https:\/\/www.rosammasana.com\/?p=2312\" target=\"_new\" rel=\"noopener\"><span style=\"color: #000080;\"><span style=\"font-family: Liberation Serif, serif;\"><span lang=\"zxx\"><u>rosammasana.com<\/u><\/span><\/span><\/span><\/a><\/p>\n<\/li>\n<li>\n<p align=\"left\"><span style=\"font-family: Liberation Serif, serif;\">Vilella Ros, Angelina. <\/span><em><span style=\"font-family: Liberation Serif, serif;\">Pere Geli i Ferrer, natural i resident a Pals. D\u2019ofici carter<\/span><\/em><span style=\"font-family: Liberation Serif, serif;\">. Revista <\/span><em><span style=\"font-family: Liberation Serif, serif;\">Baix Empord\u00e0<\/span><\/em><span style=\"font-family: Liberation Serif, serif;\">, n\u00fam. 83 (2023), p. 109.<\/span><\/p>\n<\/li>\n<li>\n<p align=\"left\"><span style=\"font-family: Liberation Serif, serif;\">Casas Nagore, Carlos. <\/span><em><span style=\"font-family: Liberation Serif, serif;\">Primeros peones camineros<\/span><\/em><span style=\"font-family: Liberation Serif, serif;\">, juliol 2024.<\/span> \u00a0<a href=\"https:\/\/historiasdecarreteras.com\/los-primeros-peones-camineros\/\" target=\"_new\" rel=\"noopener\"><span style=\"color: #000080;\"><span style=\"font-family: Liberation Serif, serif;\"><span lang=\"zxx\"><u>historiasdecarreteras.com<\/u><\/span><\/span><\/span><\/a><\/p>\n<\/li>\n<\/ol>\n<p align=\"left\"><span style=\"font-family: Liberation Serif, serif;\">M\u00e9s informaci\u00f3 sobre les casetes:<br \/>\n<\/span><a href=\"https:\/\/www.casillasdepeonescamineros.es\/\" target=\"_new\" rel=\"noopener\"><span style=\"color: #000080;\"><span style=\"font-family: Liberation Serif, serif;\"><span lang=\"zxx\"><u>casillasdepeonescamineros.es<\/u><\/span><\/span><\/span><\/a><span style=\"font-family: Liberation Serif, serif;\"><br \/>\n<\/span><a href=\"https:\/\/www.carreterasabandonadas.com\/2019\/05\/el-peon-caminero.html\" target=\"_new\" rel=\"noopener\"><span style=\"color: #000080;\"><span style=\"font-family: Liberation Serif, serif;\"><span lang=\"zxx\"><u>carreterasabandonadas.com<\/u><\/span><\/span><\/span><\/a><\/p>\n","protected":false},"excerpt":{"rendered":"<p>Aquest text va ser publicat per Rosa M. Masana al Butllet\u00ed el Llentiscle de Torrent n\u00fam.17 de l&#8217;any 2025. El podem trobar digitalitzat a la web de l&#8217;Ajuntament de Torrent.\u00a0 En la correspond\u00e8ncia municipal de Torrent, dipositada a l\u2019Arxiu Comarcal del Baix Empord\u00e0, hi vam localitzar una carta de l\u2019administrador de l\u2019oficina de Correus de&#8230;<\/p>\n","protected":false},"author":3,"featured_media":18149,"comment_status":"open","ping_status":"open","sticky":false,"template":"","format":"standard","meta":{"footnotes":""},"categories":[11,1888,17,25],"tags":[2305,2304,2303,2301,2302,1850],"class_list":["post-18138","post","type-post","status-publish","format-standard","has-post-thumbnail","hentry","category-baix-emporda-xemeneies-industrials","category-croniques","category-pals","category-torrent","tag-carta-al-batlle-de-torrent","tag-carters","tag-caseta-peons-caminers","tag-salvador-geli","tag-sebastia-caner","tag-torrent"],"_links":{"self":[{"href":"https:\/\/www.rosammasana.com\/index.php?rest_route=\/wp\/v2\/posts\/18138"}],"collection":[{"href":"https:\/\/www.rosammasana.com\/index.php?rest_route=\/wp\/v2\/posts"}],"about":[{"href":"https:\/\/www.rosammasana.com\/index.php?rest_route=\/wp\/v2\/types\/post"}],"author":[{"embeddable":true,"href":"https:\/\/www.rosammasana.com\/index.php?rest_route=\/wp\/v2\/users\/3"}],"replies":[{"embeddable":true,"href":"https:\/\/www.rosammasana.com\/index.php?rest_route=%2Fwp%2Fv2%2Fcomments&post=18138"}],"version-history":[{"count":4,"href":"https:\/\/www.rosammasana.com\/index.php?rest_route=\/wp\/v2\/posts\/18138\/revisions"}],"predecessor-version":[{"id":18152,"href":"https:\/\/www.rosammasana.com\/index.php?rest_route=\/wp\/v2\/posts\/18138\/revisions\/18152"}],"wp:featuredmedia":[{"embeddable":true,"href":"https:\/\/www.rosammasana.com\/index.php?rest_route=\/wp\/v2\/media\/18149"}],"wp:attachment":[{"href":"https:\/\/www.rosammasana.com\/index.php?rest_route=%2Fwp%2Fv2%2Fmedia&parent=18138"}],"wp:term":[{"taxonomy":"category","embeddable":true,"href":"https:\/\/www.rosammasana.com\/index.php?rest_route=%2Fwp%2Fv2%2Fcategories&post=18138"},{"taxonomy":"post_tag","embeddable":true,"href":"https:\/\/www.rosammasana.com\/index.php?rest_route=%2Fwp%2Fv2%2Ftags&post=18138"}],"curies":[{"name":"wp","href":"https:\/\/api.w.org\/{rel}","templated":true}]}}