{"id":18404,"date":"2026-03-10T16:52:41","date_gmt":"2026-03-10T14:52:41","guid":{"rendered":"https:\/\/www.rosammasana.com\/?p=18404"},"modified":"2026-03-12T14:37:27","modified_gmt":"2026-03-12T12:37:27","slug":"estries-i-anticonceptius-1970","status":"publish","type":"post","link":"https:\/\/www.rosammasana.com\/?p=18404","title":{"rendered":"Estries i anticonceptius, 1970"},"content":{"rendered":"<p data-start=\"335\" data-end=\"578\">A comen\u00e7aments dels anys setanta, a la M\u00fatua de Terrassa, algunes infermeres joves hav\u00edem trobat una manera ben curiosa d\u2019obtenir anticonceptius en un pa\u00eds on la seva prescripci\u00f3 encara no era legal. Tot comen\u00e7ava amb una visita al dermat\u00f2leg que en va ser el propulsor.<\/p>\n<p data-start=\"580\" data-end=\"755\">Despr\u00e9s de la Segona Guerra Mundial van comen\u00e7ar els assajos per frenar el creixement de la poblaci\u00f3 mitjan\u00e7ant un m\u00e8tode no invasiu que fos efectiu per evitar els embarassos.<\/p>\n<p data-start=\"757\" data-end=\"864\">M\u00e9s endavant van sortir al mercat medicaments hormonals inhibidors de l\u2019ovulaci\u00f3 i, per tant, de l\u2019embar\u00e0s. A la vegada les ind\u00fastries del medicament van fer m\u00e9s extensives les receptes d&#8217;aquest producte.<\/p>\n<p data-start=\"866\" data-end=\"1186\">Ideol\u00f2gicament es va generar un intens debat social entre els qui veien l\u2019esterilitzaci\u00f3 femenina com un fet contra natura i, a m\u00e9s, inacceptable per criteris religiosos. Per\u00f2 tamb\u00e9 hi havia qui en defensava l\u2019\u00fas com una forma d\u2019alliberaci\u00f3 sexual que permetia practicar sexe sense el condicionant de quedar embarassada.<\/p>\n<p data-start=\"1188\" data-end=\"1364\">Als anys seixanta i setanta la prescripci\u00f3 d\u2019anticonceptius era bastant freq\u00fcent en alguns pa\u00efsos europeus. A Espanya, sota la dictadura de Franco, la prescripci\u00f3 no era legal.<\/p>\n<p data-start=\"1366\" data-end=\"1543\">L\u2019acci\u00f3 farmac\u00e8utica per a la seva difusi\u00f3 va ser efectiva: es van publicar estudis que afirmaven que aquest medicament tamb\u00e9 era \u00fatil per tractar altres disfuncions org\u00e0niques.<\/p>\n<p data-start=\"1545\" data-end=\"1755\">Una de les aplicacions era per mitigar les estries, una lleu atr\u00f2fia cut\u00e0nia que forma petits solcs a la pell, especialment als malucs de les noies adolescents i tamb\u00e9, durant l\u2019embar\u00e0s, als pits i a l\u2019abdomen.<\/p>\n<p data-start=\"1757\" data-end=\"2064\">Per a les infermeres m\u00e9s joves de la M\u00fatua de Terrassa, la prescripci\u00f3 d\u2019anticonceptius l\u2019obten\u00edem f\u00e0cilment. Es tractava d\u2019anar a visitar el dermat\u00f2leg, el doctor Grimal. Revisava els malucs i, si ten\u00edem estries\u2014cosa que gaireb\u00e9 sempre passava\u2014 ens prescrivia anticonceptius que, segons deia, les curaven.<\/p>\n<figure id=\"attachment_18406\" aria-describedby=\"caption-attachment-18406\" style=\"width: 290px\" class=\"wp-caption aligncenter\"><a href=\"http:\/\/www.rosammasana.com\/wp-content\/uploads\/2026\/03\/Sense-titol-2.png\"><img loading=\"lazy\" decoding=\"async\" class=\"size-medium wp-image-18406\" src=\"http:\/\/www.rosammasana.com\/wp-content\/uploads\/2026\/03\/Sense-titol-2-290x300.png\" alt=\"\" width=\"290\" height=\"300\" srcset=\"https:\/\/www.rosammasana.com\/wp-content\/uploads\/2026\/03\/Sense-titol-2-290x300.png 290w, https:\/\/www.rosammasana.com\/wp-content\/uploads\/2026\/03\/Sense-titol-2-628x650.png 628w, https:\/\/www.rosammasana.com\/wp-content\/uploads\/2026\/03\/Sense-titol-2-768x794.png 768w, https:\/\/www.rosammasana.com\/wp-content\/uploads\/2026\/03\/Sense-titol-2.png 783w\" sizes=\"(max-width: 290px) 100vw, 290px\" \/><\/a><figcaption id=\"caption-attachment-18406\" class=\"wp-caption-text\">Esquema d&#8217;estries al maluc,tret d&#8217;Internet.<\/figcaption><\/figure>\n<p data-start=\"2066\" data-end=\"2377\">\u00c9rem diverses auxiliars i infermeres que dispos\u00e0vem d\u2019aquest tractament hormonal. Encara que sovint d\u00e8iem que no el pren\u00edem, era \u201cper si de cas\u201d. Per\u00f2, m\u00e9s que res, penso que tamb\u00e9 hi havia una certa dosi d\u2019esnobisme: mostrar-nos progressistes, dones lliures i emancipades, i tamb\u00e9, en el fons, antifranquistes.<\/p>\n<p data-start=\"2379\" data-end=\"2669\">Algunes port\u00e0vem anotats els dies de l\u2019ovulaci\u00f3, dada necess\u00e0ria per calcular els dies f\u00e8rtils i aplicar el m\u00e8tode d\u2019Ogino-Knaus. Hi havia llevadores que explicaven el procediment. El m\u00e9s curi\u00f3s de tot era que, precisament, els dies f\u00e8rtils acostumaven a ser els de m\u00e9s pujada de la libido.<\/p>\n<p data-start=\"2671\" data-end=\"2811\">Alguns laboratoris farmac\u00e8utics tenien fins i tot un cert sentit de l\u2019humor. Van posar a un anticonceptiu el nom comercial d\u2019<strong data-start=\"2796\" data-end=\"2810\">Anovial 21<\/strong>.<\/p>\n<p data-start=\"2813\" data-end=\"2894\">Potser era una petita escletxa de modernitat enmig d\u2019un pa\u00eds encara molt vigilat.<\/p>\n","protected":false},"excerpt":{"rendered":"<p>A comen\u00e7aments dels anys setanta, a la M\u00fatua de Terrassa, algunes infermeres joves hav\u00edem trobat una manera ben curiosa d\u2019obtenir anticonceptius en un pa\u00eds on la seva prescripci\u00f3 encara no era legal. Tot comen\u00e7ava amb una visita al dermat\u00f2leg que en va ser el propulsor. Despr\u00e9s de la Segona Guerra Mundial van comen\u00e7ar els assajos&#8230;<\/p>\n","protected":false},"author":1,"featured_media":18421,"comment_status":"open","ping_status":"open","sticky":false,"template":"","format":"standard","meta":{"footnotes":""},"categories":[2161,1,6],"tags":[2390,2391,2389,460,2392],"class_list":["post-18404","post","type-post","status-publish","format-standard","has-post-thumbnail","hentry","category-anecdotes","category-infermeria","category-terrassa","tag-anticonceptius","tag-dr-grimal","tag-estries","tag-infermeres","tag-mutua-de-terrassa-decada-dels-setanta"],"_links":{"self":[{"href":"https:\/\/www.rosammasana.com\/index.php?rest_route=\/wp\/v2\/posts\/18404"}],"collection":[{"href":"https:\/\/www.rosammasana.com\/index.php?rest_route=\/wp\/v2\/posts"}],"about":[{"href":"https:\/\/www.rosammasana.com\/index.php?rest_route=\/wp\/v2\/types\/post"}],"author":[{"embeddable":true,"href":"https:\/\/www.rosammasana.com\/index.php?rest_route=\/wp\/v2\/users\/1"}],"replies":[{"embeddable":true,"href":"https:\/\/www.rosammasana.com\/index.php?rest_route=%2Fwp%2Fv2%2Fcomments&post=18404"}],"version-history":[{"count":5,"href":"https:\/\/www.rosammasana.com\/index.php?rest_route=\/wp\/v2\/posts\/18404\/revisions"}],"predecessor-version":[{"id":18419,"href":"https:\/\/www.rosammasana.com\/index.php?rest_route=\/wp\/v2\/posts\/18404\/revisions\/18419"}],"wp:featuredmedia":[{"embeddable":true,"href":"https:\/\/www.rosammasana.com\/index.php?rest_route=\/wp\/v2\/media\/18421"}],"wp:attachment":[{"href":"https:\/\/www.rosammasana.com\/index.php?rest_route=%2Fwp%2Fv2%2Fmedia&parent=18404"}],"wp:term":[{"taxonomy":"category","embeddable":true,"href":"https:\/\/www.rosammasana.com\/index.php?rest_route=%2Fwp%2Fv2%2Fcategories&post=18404"},{"taxonomy":"post_tag","embeddable":true,"href":"https:\/\/www.rosammasana.com\/index.php?rest_route=%2Fwp%2Fv2%2Ftags&post=18404"}],"curies":[{"name":"wp","href":"https:\/\/api.w.org\/{rel}","templated":true}]}}