{"id":18457,"date":"2026-03-17T16:53:13","date_gmt":"2026-03-17T14:53:13","guid":{"rendered":"https:\/\/www.rosammasana.com\/?p=18457"},"modified":"2026-03-18T19:16:59","modified_gmt":"2026-03-18T17:16:59","slug":"atalaies-dobservacio","status":"publish","type":"post","link":"https:\/\/www.rosammasana.com\/?p=18457","title":{"rendered":"Atalaies d\u2019observaci\u00f3"},"content":{"rendered":"<p data-start=\"291\" data-end=\"447\">Aquest mes de mar\u00e7 de 2026 s\u2019ha publicat la revista del Baix Empord\u00e0, n\u00famero 92. El tema central tractava sobre top\u00f2nims i sobrenoms, i hi vaig col\u00b7laborar.<\/p>\n<p data-start=\"449\" data-end=\"679\">Havia llegit que, cinc-cents anys enrere, a m\u00e9s de les torres de guaita per a la defensa del territori, tamb\u00e9 hi havia punts d\u2019observaci\u00f3 molt adients per vigilar els camins rals, com ara els campanars i els terrats dels castells.<\/p>\n<p data-start=\"681\" data-end=\"1004\">Un cop feta la publicaci\u00f3, passant pel centre de la Bisbal, vaig veure un tram de la muralla del castell amb les seves espitlleres, recentment desbrossat, que ara es pot observar perfectament. Des d\u2019all\u00e0 tamb\u00e9 es t\u00e9 una vista clara del castell i del campanar que, en aquell temps, formaven un conjunt emmurallat i protegit.<\/p>\n<p data-start=\"1006\" data-end=\"1203\">Vaig fer una fotografia i, si b\u00e9 ja havia vist el cotxe, en tornar a mirar la imatge la mirada se\u2019m va despla\u00e7ar cap al vehicle de la Policia Municipal, que t\u00e9 l\u2019oficina just al costat del castell.<\/p>\n<p data-start=\"1205\" data-end=\"1236\">\u2014Vaig pensar: quina casualitat.<\/p>\n<p data-start=\"1238\" data-end=\"1507\">Casualitat perqu\u00e8, tot i que han transcorregut centenars d\u2019anys, \u00e9s possible que els indrets restin impregnats d\u2019energies o de viv\u00e8ncies que fan que la zona continu\u00ef essent un espai de seguretat: sense muralles, per\u00f2 vigilat, i amb aquesta funci\u00f3 estesa a tota la vila.<\/p>\n<p data-start=\"1509\" data-end=\"1560\">\u00c9s ben b\u00e9 que all\u00e0 on hi ha hagut, sempre en queda.<\/p>\n<figure id=\"attachment_18459\" aria-describedby=\"caption-attachment-18459\" style=\"width: 300px\" class=\"wp-caption aligncenter\"><a href=\"http:\/\/www.rosammasana.com\/wp-content\/uploads\/2026\/03\/Castell-i-Esglesia-de-la-Bisbal-.png\"><img loading=\"lazy\" decoding=\"async\" class=\"size-medium wp-image-18459\" src=\"http:\/\/www.rosammasana.com\/wp-content\/uploads\/2026\/03\/Castell-i-Esglesia-de-la-Bisbal--300x222.png\" alt=\"\" width=\"300\" height=\"222\" srcset=\"https:\/\/www.rosammasana.com\/wp-content\/uploads\/2026\/03\/Castell-i-Esglesia-de-la-Bisbal--300x222.png 300w, https:\/\/www.rosammasana.com\/wp-content\/uploads\/2026\/03\/Castell-i-Esglesia-de-la-Bisbal--650x480.png 650w, https:\/\/www.rosammasana.com\/wp-content\/uploads\/2026\/03\/Castell-i-Esglesia-de-la-Bisbal--768x568.png 768w, https:\/\/www.rosammasana.com\/wp-content\/uploads\/2026\/03\/Castell-i-Esglesia-de-la-Bisbal-.png 1100w\" sizes=\"(max-width: 300px) 100vw, 300px\" \/><\/a><figcaption id=\"caption-attachment-18459\" class=\"wp-caption-text\"><em data-start=\"1562\" data-end=\"1615\">Imatge del castell, esgl\u00e9sia i cotxe de la policia.<\/em><\/figcaption><\/figure>\n<figure id=\"attachment_18458\" aria-describedby=\"caption-attachment-18458\" style=\"width: 264px\" class=\"wp-caption aligncenter\"><a href=\"http:\/\/www.rosammasana.com\/wp-content\/uploads\/2026\/03\/Tres-articles-marc-2026-reduida-.png\"><img loading=\"lazy\" decoding=\"async\" class=\"size-medium wp-image-18458\" src=\"http:\/\/www.rosammasana.com\/wp-content\/uploads\/2026\/03\/Tres-articles-marc-2026-reduida--264x300.png\" alt=\"\" width=\"264\" height=\"300\" srcset=\"https:\/\/www.rosammasana.com\/wp-content\/uploads\/2026\/03\/Tres-articles-marc-2026-reduida--264x300.png 264w, https:\/\/www.rosammasana.com\/wp-content\/uploads\/2026\/03\/Tres-articles-marc-2026-reduida--573x650.png 573w, https:\/\/www.rosammasana.com\/wp-content\/uploads\/2026\/03\/Tres-articles-marc-2026-reduida--768x871.png 768w, https:\/\/www.rosammasana.com\/wp-content\/uploads\/2026\/03\/Tres-articles-marc-2026-reduida--1354x1536.png 1354w, https:\/\/www.rosammasana.com\/wp-content\/uploads\/2026\/03\/Tres-articles-marc-2026-reduida-.png 1600w\" sizes=\"(max-width: 264px) 100vw, 264px\" \/><\/a><figcaption id=\"caption-attachment-18458\" class=\"wp-caption-text\"><em>Mostra dels articles d&#8217;aquest mes aportats a la revista Baix Empord\u00e0.<\/em><\/figcaption><\/figure>\n<figure id=\"attachment_18463\" aria-describedby=\"caption-attachment-18463\" style=\"width: 300px\" class=\"wp-caption aligncenter\"><a href=\"http:\/\/www.rosammasana.com\/wp-content\/uploads\/2026\/03\/Muralla-2-scaled.jpg\"><img loading=\"lazy\" decoding=\"async\" class=\"size-medium wp-image-18463\" src=\"http:\/\/www.rosammasana.com\/wp-content\/uploads\/2026\/03\/Muralla-2-300x222.jpg\" alt=\"\" width=\"300\" height=\"222\" srcset=\"https:\/\/www.rosammasana.com\/wp-content\/uploads\/2026\/03\/Muralla-2-300x222.jpg 300w, https:\/\/www.rosammasana.com\/wp-content\/uploads\/2026\/03\/Muralla-2-650x481.jpg 650w, https:\/\/www.rosammasana.com\/wp-content\/uploads\/2026\/03\/Muralla-2-768x568.jpg 768w, https:\/\/www.rosammasana.com\/wp-content\/uploads\/2026\/03\/Muralla-2-1536x1135.jpg 1536w, https:\/\/www.rosammasana.com\/wp-content\/uploads\/2026\/03\/Muralla-2-2048x1514.jpg 2048w\" sizes=\"(max-width: 300px) 100vw, 300px\" \/><\/a><figcaption id=\"caption-attachment-18463\" class=\"wp-caption-text\">Muralla del Castell de la Bisbal amb les espilleres.<\/figcaption><\/figure>\n<p>&nbsp;<\/p>\n","protected":false},"excerpt":{"rendered":"<p>Aquest mes de mar\u00e7 de 2026 s\u2019ha publicat la revista del Baix Empord\u00e0, n\u00famero 92. El tema central tractava sobre top\u00f2nims i sobrenoms, i hi vaig col\u00b7laborar. Havia llegit que, cinc-cents anys enrere, a m\u00e9s de les torres de guaita per a la defensa del territori, tamb\u00e9 hi havia punts d\u2019observaci\u00f3 molt adients per vigilar&#8230;<\/p>\n","protected":false},"author":1,"featured_media":18460,"comment_status":"open","ping_status":"open","sticky":false,"template":"","format":"standard","meta":{"footnotes":""},"categories":[11,4,12,32],"tags":[2410,2412,2411,2414,326,2413],"class_list":["post-18457","post","type-post","status-publish","format-standard","has-post-thumbnail","hentry","category-baix-emporda-xemeneies-industrials","category-diversos","category-entrevistes","category-miscel-lania","tag-atalaies-dobservacio","tag-campanar-de-la-bisbal","tag-castell-de-la-bisbal","tag-llocs-de-record","tag-revista-baix-emporda","tag-vigilancia"],"_links":{"self":[{"href":"https:\/\/www.rosammasana.com\/index.php?rest_route=\/wp\/v2\/posts\/18457"}],"collection":[{"href":"https:\/\/www.rosammasana.com\/index.php?rest_route=\/wp\/v2\/posts"}],"about":[{"href":"https:\/\/www.rosammasana.com\/index.php?rest_route=\/wp\/v2\/types\/post"}],"author":[{"embeddable":true,"href":"https:\/\/www.rosammasana.com\/index.php?rest_route=\/wp\/v2\/users\/1"}],"replies":[{"embeddable":true,"href":"https:\/\/www.rosammasana.com\/index.php?rest_route=%2Fwp%2Fv2%2Fcomments&post=18457"}],"version-history":[{"count":4,"href":"https:\/\/www.rosammasana.com\/index.php?rest_route=\/wp\/v2\/posts\/18457\/revisions"}],"predecessor-version":[{"id":18462,"href":"https:\/\/www.rosammasana.com\/index.php?rest_route=\/wp\/v2\/posts\/18457\/revisions\/18462"}],"wp:featuredmedia":[{"embeddable":true,"href":"https:\/\/www.rosammasana.com\/index.php?rest_route=\/wp\/v2\/media\/18460"}],"wp:attachment":[{"href":"https:\/\/www.rosammasana.com\/index.php?rest_route=%2Fwp%2Fv2%2Fmedia&parent=18457"}],"wp:term":[{"taxonomy":"category","embeddable":true,"href":"https:\/\/www.rosammasana.com\/index.php?rest_route=%2Fwp%2Fv2%2Fcategories&post=18457"},{"taxonomy":"post_tag","embeddable":true,"href":"https:\/\/www.rosammasana.com\/index.php?rest_route=%2Fwp%2Fv2%2Ftags&post=18457"}],"curies":[{"name":"wp","href":"https:\/\/api.w.org\/{rel}","templated":true}]}}