{"id":18862,"date":"2026-04-26T17:31:00","date_gmt":"2026-04-26T15:31:00","guid":{"rendered":"https:\/\/www.rosammasana.com\/?p=18862"},"modified":"2026-04-26T17:31:00","modified_gmt":"2026-04-26T15:31:00","slug":"un-pensament-vers-nosaltres-i-les-particules","status":"publish","type":"post","link":"https:\/\/www.rosammasana.com\/?p=18862","title":{"rendered":"Un pensament vers nosaltres i les part\u00edcules."},"content":{"rendered":"<p>No soc entesa, per\u00f2 s\u00ed que m\u2019ha agradat llegir llibres de f\u00edsica divulgativa i, encara m\u00e9s, d\u2019espiritualitat antiga; tamb\u00e9 del <em>New Age<\/em>, encara que menys pel que aporta, nom\u00e9s per curiositat.<\/p>\n<p>He sentit atracci\u00f3 intel\u00b7lectual per Ken Wilber i tamb\u00e9 certa admiraci\u00f3 per les seves investigacions pr\u00e0ctiques. En soc admiradora per com parla de la consci\u00e8ncia i l\u2019energia humana, i per assenyalar com, cada vegada m\u00e9s, les teories dels f\u00edsics contemporanis i els coneixements dels m\u00edstics de totes les \u00e8poques troben punts de conflu\u00e8ncia sobre la naturalesa humana i el comportament de l\u2019univers on vivim.<\/p>\n<p>Cap a la d\u00e8cada dels anys trenta del segle passat, els f\u00edsics m\u00e9s destacats i diversos premis Nobel es van reunir en una ciutat europea per parlar d\u2019all\u00f2 que ja comen\u00e7ava a plantejar-se: que l\u2019univers, per existir, necessitava un observador.<\/p>\n<p>Molts es decantaven per acceptar que l\u2019observador no era necessari, especialment Albert Einstein, que en altres paraules deia que l\u2019univers tenia els seus propis prop\u00f2sits. \u00c9s clar que encara no existien els aven\u00e7os moderns en la f\u00edsica de part\u00edcules ni en la mec\u00e0nica qu\u00e0ntica.<\/p>\n<p>El fet que ara s\u2019apunti amb m\u00e9s for\u00e7a que l\u2019univers podria necessitar un observador que li doni vida s\u2019argumenta perqu\u00e8 la seva composici\u00f3, basada en part\u00edcules i ones \u2014o en totes dues alhora, de vegades superposades\u2014, quan es vol estudiar per saber on s\u00f3n i com es mouen, s\u2019ha observat que mai no es manifesta igual, sin\u00f3 que dep\u00e8n en bona mesura de cada experimentador.<\/p>\n<p>Per altra banda, es diu que l\u2019univers \u2014si no parlem d\u2019imatges fotogr\u00e0fiques\u2014 no t\u00e9 colors, ni sorolls, ni olor, ni textures. Som nosaltres, amb els nostres sentits i la ment, qui li donem forma. O sigui que entre ell i nosaltres formem una co-creaci\u00f3 cosmol\u00f2gica: constru\u00efm l\u2019univers. Dic&#8230; no ho s\u00e9, nom\u00e9s repeteixo.<\/p>\n<p>Aquesta idea de la co-creaci\u00f3 pot ser una de les m\u00e9s abstractes que mai h\u00e0gim sentit, per\u00f2, per altra banda, d\u2019immediat no la descartem; al contrari, sembla que ens ressoni i la deixem madurar.<\/p>\n<p>&nbsp;<\/p>\n<figure id=\"attachment_18863\" aria-describedby=\"caption-attachment-18863\" style=\"width: 433px\" class=\"wp-caption aligncenter\"><a href=\"http:\/\/www.rosammasana.com\/wp-content\/uploads\/2026\/04\/IMG-20260424-WA0004.jpg\"><img loading=\"lazy\" decoding=\"async\" class=\"size-large wp-image-18863\" src=\"http:\/\/www.rosammasana.com\/wp-content\/uploads\/2026\/04\/IMG-20260424-WA0004-433x650.jpg\" alt=\"\" width=\"433\" height=\"650\" srcset=\"https:\/\/www.rosammasana.com\/wp-content\/uploads\/2026\/04\/IMG-20260424-WA0004-433x650.jpg 433w, https:\/\/www.rosammasana.com\/wp-content\/uploads\/2026\/04\/IMG-20260424-WA0004-200x300.jpg 200w, https:\/\/www.rosammasana.com\/wp-content\/uploads\/2026\/04\/IMG-20260424-WA0004-768x1152.jpg 768w, https:\/\/www.rosammasana.com\/wp-content\/uploads\/2026\/04\/IMG-20260424-WA0004.jpg 1024w\" sizes=\"(max-width: 433px) 100vw, 433px\" \/><\/a><figcaption id=\"caption-attachment-18863\" class=\"wp-caption-text\">Imatge rebuda per Internet desitjant una feli\u00e7 jornada, ahir dia 25-4-2026<\/figcaption><\/figure>\n<p>He recordat que fa bastants any, vaig comprar un llibre titulat El Kybalion. Tracta dels set principis herm\u00e8tics de l\u2019univers, i el primer que presenta \u00e9s el d\u2019afirmar que l\u2019univers \u00e9s mental.<\/p>\n<p>Si \u00e9s aix\u00ed, i tenint en compte que nosaltres tamb\u00e9 tenim una fant\u00e0stica xarxa neuronal, \u00e9s l\u00f2gic pensar que, quan investigador vol observar una part\u00edcula subat\u00f2mica interactuint els dos mecanismes el\u00e8ctrics , el de l&#8217;analista i la possible ment o consciencia de la particula, qui ho sap ?<\/p>\n<p>Si s\u2019arrib\u00e9s a acceptar que som cocreadors amb l\u2019univers, podr\u00edem estar contents i satisfets, perqu\u00e8 el m\u00f3n \u00e9s ple de bellesa i aix\u00f2 \u00e9s gratificant per\u00f2, malauradament tamb\u00e9 succeix el contrari.<\/p>\n<p>Aquesta peculiar teoria mig veritat i mig feta peta a mida, ens porta a\u00a0 preguntar-nos, podem disposar nosaltres la capacitat de revertir all\u00f2\u00a0 que no \u00e9s desitjable?<\/p>\n<p>Una cosa que s\u00ed pot ser m\u00e9s segura, saber que potser no constru\u00efm l\u2019univers del tot, per\u00f2 s\u00ed la manera com el mirem.<\/p>\n<p>&nbsp;<\/p>\n","protected":false},"excerpt":{"rendered":"<p>No soc entesa, per\u00f2 s\u00ed que m\u2019ha agradat llegir llibres de f\u00edsica divulgativa i, encara m\u00e9s, d\u2019espiritualitat antiga; tamb\u00e9 del New Age, encara que menys pel que aporta, nom\u00e9s per curiositat. He sentit atracci\u00f3 intel\u00b7lectual per Ken Wilber i tamb\u00e9 certa admiraci\u00f3 per les seves investigacions pr\u00e0ctiques. En soc admiradora per com parla de la&#8230;<\/p>\n","protected":false},"author":1,"featured_media":18864,"comment_status":"open","ping_status":"open","sticky":false,"template":"","format":"standard","meta":{"footnotes":""},"categories":[4],"tags":[2529,2531,2532,2527,2528,2530],"class_list":["post-18862","post","type-post","status-publish","format-standard","has-post-thumbnail","hentry","category-diversos","tag-cocreacio","tag-especulacions","tag-hipotesis","tag-ment","tag-particules","tag-univers"],"_links":{"self":[{"href":"https:\/\/www.rosammasana.com\/index.php?rest_route=\/wp\/v2\/posts\/18862"}],"collection":[{"href":"https:\/\/www.rosammasana.com\/index.php?rest_route=\/wp\/v2\/posts"}],"about":[{"href":"https:\/\/www.rosammasana.com\/index.php?rest_route=\/wp\/v2\/types\/post"}],"author":[{"embeddable":true,"href":"https:\/\/www.rosammasana.com\/index.php?rest_route=\/wp\/v2\/users\/1"}],"replies":[{"embeddable":true,"href":"https:\/\/www.rosammasana.com\/index.php?rest_route=%2Fwp%2Fv2%2Fcomments&post=18862"}],"version-history":[{"count":4,"href":"https:\/\/www.rosammasana.com\/index.php?rest_route=\/wp\/v2\/posts\/18862\/revisions"}],"predecessor-version":[{"id":18868,"href":"https:\/\/www.rosammasana.com\/index.php?rest_route=\/wp\/v2\/posts\/18862\/revisions\/18868"}],"wp:featuredmedia":[{"embeddable":true,"href":"https:\/\/www.rosammasana.com\/index.php?rest_route=\/wp\/v2\/media\/18864"}],"wp:attachment":[{"href":"https:\/\/www.rosammasana.com\/index.php?rest_route=%2Fwp%2Fv2%2Fmedia&parent=18862"}],"wp:term":[{"taxonomy":"category","embeddable":true,"href":"https:\/\/www.rosammasana.com\/index.php?rest_route=%2Fwp%2Fv2%2Fcategories&post=18862"},{"taxonomy":"post_tag","embeddable":true,"href":"https:\/\/www.rosammasana.com\/index.php?rest_route=%2Fwp%2Fv2%2Ftags&post=18862"}],"curies":[{"name":"wp","href":"https:\/\/api.w.org\/{rel}","templated":true}]}}