{"id":19376,"date":"2026-08-31T18:18:26","date_gmt":"2026-08-31T16:18:26","guid":{"rendered":"https:\/\/www.rosammasana.com\/?p=19376"},"modified":"2026-08-31T18:29:20","modified_gmt":"2026-08-31T16:29:20","slug":"la-calor-de-lagost-del-2026","status":"publish","type":"post","link":"https:\/\/www.rosammasana.com\/?p=19376","title":{"rendered":"La calor de l\u2019agost del 2026"},"content":{"rendered":"<p>Aquest any, de tanta calor sostinguda, amb temperatures que durant dies han superat els 30 \u00b0C, ha provocat trastorns org\u00e0nics importants, especialment entre les persones grans, sobretot aquelles amb poca mobilitat i que tenen m\u00e9s dificultats per mantenir una bona hidrataci\u00f3.<\/p>\n<p>Aquest benefactor setembre, temps de la verema i de les figues, ens obsequia ara amb un respir, una breu treva, mentre esperem qu\u00e8 ens poden portar els mesos d\u2019hivern.<\/p>\n<p>Puc dir que jo he sobreviscut. D\u2019altres persones grans, per\u00f2, no ho han pogut fer, segons les estad\u00edstiques publicades en algun mitj\u00e0 de comunicaci\u00f3. La calor extrema pot provocar un trasp\u00e0s inesperat, sense que ning\u00fa pugui fer-hi res.<\/p>\n<p><strong>Una experi\u00e8ncia que no havia viscut mai<\/strong><\/p>\n<p>Personalment, voldria explicar qu\u00e8 em va succeir, perqu\u00e8 mai no m\u2019havia passat una cosa semblant.<\/p>\n<p>Vaig sentir una intensa calor que em venia de dins del cos. Era com tenir febre, per\u00f2 sense cap manifestaci\u00f3 externa. Potser s\u2019assemblava, salvant les dist\u00e0ncies, a aquells arbres que \u2014segons deien\u2014 s\u2019encenien per dins. No ho s\u00e9, per\u00f2 s\u00ed que recordo que vaig comen\u00e7ar a trobar-me molt millor quan aquella calor es va convertir en suor.<\/p>\n<p>Va ser com estar dins d\u2019una sauna. Aix\u00f2 s\u00ed, vaig apagar tots els sistemes de refrigeraci\u00f3 ambiental i vaig pensar que potser estava fent com el gat: quedar-me quieta i suportar, tant com pogu\u00e9s, el x\u00e0fec de l\u2019alta temperatura.<\/p>\n<p>Aleshores vaig recordar all\u00f2 que deien els nostres avis:<\/p>\n<p>\u2014Cal que faci una bona suada.<\/p>\n<p>I, de fet, he de dir que em va resultar efectiva, tot i que vaig trigar for\u00e7a a recuperar-me.<\/p>\n<p><strong>Qu\u00e8 havia passat?<\/strong><\/p>\n<p>A m\u00e9s d\u2019aquella calor interna, hi havia hagut una altra circumst\u00e0ncia. En tornar a casa amb el tren, despr\u00e9s d\u2019una celebraci\u00f3, em vaig quedar adormida. L\u2019aire condicionat em devia donar directament a la zona de l\u2019estern\u00f3, l\u2019os del pit que uneix les primeres costelles.<\/p>\n<p>No s\u00e9 fins a quin punt aquesta circumst\u00e0ncia podia haver influ\u00eft en el que despr\u00e9s vaig sentir, per\u00f2 \u00e9s un fet que va formar part de l\u2019experi\u00e8ncia.<\/p>\n<p>La sort va ser que, despr\u00e9s de prendre alguna infusi\u00f3 calenta, el cos va comen\u00e7ar a transpirar, especialment per la zona de l\u2019estern\u00f3. Una tovallola posada damunt d\u2019aquesta zona absorbia la suor i, pr\u00e8viament, jo havia apagat l\u2019aire condicionat.<\/p>\n<p>Vaig arribar a pensar que la fredor directa sobre la pell podia estar dificultant la transpiraci\u00f3 i fent que aquella sensaci\u00f3 de calor rest\u00e9s retinguda a l\u2019interior.<\/p>\n<p>Poc a poc, molt lentament, vaig anar millorant. Els ossos ja no semblaven impedir-me els moviments que habitualment feia, i el cos anava recuperant la seva normalitat.<\/p>\n<p>Alg\u00fa opinava\u00a0 que havia tingut un cop de calor. Per\u00f2, coneixent els s\u00edmptomes habituals d\u2019aquest diagn\u00f2stic, jo no acabava de recon\u00e8ixer-m\u2019hi. La sensaci\u00f3 que havia experimentat em semblava diferent.<\/p>\n<p><strong>I encara hi havia alguna cosa m\u00e9s<\/strong><\/p>\n<p>A aquella situaci\u00f3 org\u00e0nica s\u2019hi va afegir un sentiment afectiu relacionat amb una q\u00fcesti\u00f3 que, diguem-ne, t\u00e9 a veure amb estimar i ser estimat. Tot plegat va anar creant una amalgama dif\u00edcil d\u2019explicar, fins al punt de poder resumir-ho en una frase molt senzilla:<\/p>\n<p>\u2014\u00c9s que no em trobo b\u00e9.<\/p>\n<p>A mesura que el cos es va anar autoreparant i els sentiments tamb\u00e9 es van anar fent m\u00e9s entenedors, la situaci\u00f3 va canviar per b\u00e9.<\/p>\n<p>No s\u00e9 ben b\u00e9 qu\u00e8 va passar. Potser va ser nom\u00e9s una conseq\u00fc\u00e8ncia d\u2019aquells dies de calor i de tot el que s\u2019hi va anar acumulant. Per\u00f2 tinc la sensaci\u00f3 que, despr\u00e9s d\u2019aquella experi\u00e8ncia, ara soc una mica diferent.<\/p>\n","protected":false},"excerpt":{"rendered":"<p>Aquest any, de tanta calor sostinguda, amb temperatures que durant dies han superat els 30 \u00b0C, ha provocat trastorns org\u00e0nics importants, especialment entre les persones grans, sobretot aquelles amb poca mobilitat i que tenen m\u00e9s dificultats per mantenir una bona hidrataci\u00f3. Aquest benefactor setembre, temps de la verema i de les figues, ens obsequia ara&#8230;<\/p>\n","protected":false},"author":1,"featured_media":19377,"comment_status":"open","ping_status":"open","sticky":false,"template":"","format":"standard","meta":{"footnotes":""},"categories":[2578],"tags":[2549,2724,2723,2725,2727,2726],"class_list":["post-19376","post","type-post","status-publish","format-standard","has-post-thumbnail","hentry","category-opinio","tag-2549","tag-afectacio-fisica","tag-calor-agost","tag-experiencia-personal","tag-fer-una-suuada","tag-sentiments"],"_links":{"self":[{"href":"https:\/\/www.rosammasana.com\/index.php?rest_route=\/wp\/v2\/posts\/19376","targetHints":{"allow":["GET"]}}],"collection":[{"href":"https:\/\/www.rosammasana.com\/index.php?rest_route=\/wp\/v2\/posts"}],"about":[{"href":"https:\/\/www.rosammasana.com\/index.php?rest_route=\/wp\/v2\/types\/post"}],"author":[{"embeddable":true,"href":"https:\/\/www.rosammasana.com\/index.php?rest_route=\/wp\/v2\/users\/1"}],"replies":[{"embeddable":true,"href":"https:\/\/www.rosammasana.com\/index.php?rest_route=%2Fwp%2Fv2%2Fcomments&post=19376"}],"version-history":[{"count":3,"href":"https:\/\/www.rosammasana.com\/index.php?rest_route=\/wp\/v2\/posts\/19376\/revisions"}],"predecessor-version":[{"id":19380,"href":"https:\/\/www.rosammasana.com\/index.php?rest_route=\/wp\/v2\/posts\/19376\/revisions\/19380"}],"wp:featuredmedia":[{"embeddable":true,"href":"https:\/\/www.rosammasana.com\/index.php?rest_route=\/wp\/v2\/media\/19377"}],"wp:attachment":[{"href":"https:\/\/www.rosammasana.com\/index.php?rest_route=%2Fwp%2Fv2%2Fmedia&parent=19376"}],"wp:term":[{"taxonomy":"category","embeddable":true,"href":"https:\/\/www.rosammasana.com\/index.php?rest_route=%2Fwp%2Fv2%2Fcategories&post=19376"},{"taxonomy":"post_tag","embeddable":true,"href":"https:\/\/www.rosammasana.com\/index.php?rest_route=%2Fwp%2Fv2%2Ftags&post=19376"}],"curies":[{"name":"wp","href":"https:\/\/api.w.org\/{rel}","templated":true}]}}