{"id":205,"date":"2001-11-05T12:55:41","date_gmt":"2001-11-05T10:55:41","guid":{"rendered":"http:\/\/www.rosammasana.com\/?p=205"},"modified":"2015-07-21T19:48:04","modified_gmt":"2015-07-21T17:48:04","slug":"xemeneia-de-la-fabrica-ceramiques-ferres","status":"publish","type":"post","link":"https:\/\/www.rosammasana.com\/?p=205","title":{"rendered":"La Xemeneia de la f\u00e0brica cer\u00e0miques Ferr\u00e9s"},"content":{"rendered":"<p style=\"text-align: justify;\"><em>Article \u00a0fet per Rosa M. Masana \u00a0i publicat a la revista El Mercadal n\u00fam.11 de l\u2019any 2001<\/em><\/p>\n<p style=\"text-align: justify;\">Aquesta fabrica est\u00e0 situada a la carretera de Girona a Palam\u00f3s, al km 22 dins el municipi de Cor\u00e7\u00e0.<\/p>\n<p style=\"text-align: justify;\">La xemeneia de la fabrica Cer\u00e0miques Ferr\u00e9s la van construir el mateix Josep M. Ferr\u00e9s i el seu germ\u00e0 Enric aproximadament l&#8217;any 1961. No eren paletes, per\u00f2 tenien l&#8217;experi\u00e8ncia d&#8217;haver construint la xemeneia de la \u00a0Ponderosa, que est\u00e0 al just enfront de la seva fabrica. Podr\u00edem dir que van iniciar el negoci comen\u00e7ant pels fonaments.<\/p>\n<p style=\"text-align: justify;\">Guarden una bona i interessant col\u00b7lecci\u00f3 de fotografies que en alguna ocasi\u00f3 s&#8217;han exposat a la Fira de la Cer\u00e0mica de la Bisbal, en les quals es mostra el proc\u00e9s constructiu que es va emprar, la t\u00e8cnica d&#8217;edificaci\u00f3, el material, les bastides, etc.<\/p>\n<p style=\"text-align: justify;\">El t\u00fanel de tiratge d&#8217;aquesta xemeneia t\u00e9 aproximadament uns 15 metres, la base, que est\u00e0 dins la fabrica fa uns 8 metres fins al sostre i est\u00e0 molt ben preservada. Actualment es fa servir com a corrent d&#8217;aire per secar el material, abans feien rajola mat i paviment i ara elaboren rajola vidriada i trencaaig\u00fces.<\/p>\n<p style=\"text-align: justify;\">A la Bisbal sols hi ha dues xemeneies constru\u00efdes com aquesta; la t\u00e8cnica d&#8217;edificaci\u00f3 que van emprar era la seg\u00fcent: feien una passada de rajols per dins i una altre per fora, entremig hi posaven unes barnilles de ferro per fer-la m\u00e9s resistent, i despr\u00e9s omplien l&#8217;espai restant amb formig\u00f3, \u00e9s a dir, amb la t\u00e8cnica d&#8217;embarnillar. Per construir la xemeneia van muntar una bastida exterior fins al capdamunt, emprant un doble taul\u00f3 que servia per treballi amb m\u00e9s seguretat.<\/p>\n<p style=\"text-align: justify;\">Aix\u00ed mateix, el forn va ser constru\u00eft per Josep M. \u00a0i\u00a0 Enric Ferr\u00e9s. T\u00e9 una capacitat per a 80 tones de material. Els forns de flama invertida tamb\u00e9 s\u00f3n unes peces d&#8217;artesania dignes de menci\u00f3 i estan \u00edntimament relacionats \u00a0respecte al seu cubicatge interior amb les xemeneies ja que \u00e9s molt important l&#8217;empenta dels fums per a la cocci\u00f3.<\/p>\n<div class=\"mceTemp\" style=\"text-align: justify;\">\n<dl id=\"attachment_206\" class=\"wp-caption alignnone\" style=\"width: 203px;\">\n<dt class=\"wp-caption-dt\"><a href=\"http:\/\/www.rosammasana.com\/wp-content\/uploads\/2012\/05\/ferr01.jpg\"><img loading=\"lazy\" decoding=\"async\" class=\"size-medium wp-image-206\" title=\"ferr01\" src=\"http:\/\/www.rosammasana.com\/wp-content\/uploads\/2012\/05\/ferr01-193x300.jpg\" alt=\"\" width=\"193\" height=\"300\" srcset=\"https:\/\/www.rosammasana.com\/wp-content\/uploads\/2012\/05\/ferr01-193x300.jpg 193w, https:\/\/www.rosammasana.com\/wp-content\/uploads\/2012\/05\/ferr01.jpg 239w\" sizes=\"(max-width: 193px) 100vw, 193px\" \/><\/a><\/dt>\n<dd class=\"wp-caption-dd\">Imatges cedides per el senyor Josep M. Ferr\u00e9s<\/dd>\n<\/dl>\n<\/div>\n<div class=\"mceTemp\" style=\"text-align: justify;\">\n<dl id=\"attachment_207\" class=\"wp-caption alignnone\" style=\"width: 186px;\">\n<dt class=\"wp-caption-dt\"><a href=\"http:\/\/www.rosammasana.com\/wp-content\/uploads\/2012\/05\/ferr02.jpg\"><img loading=\"lazy\" decoding=\"async\" class=\"size-medium wp-image-207\" title=\"ferr02\" src=\"http:\/\/www.rosammasana.com\/wp-content\/uploads\/2012\/05\/ferr02-176x300.jpg\" alt=\"\" width=\"176\" height=\"300\" srcset=\"https:\/\/www.rosammasana.com\/wp-content\/uploads\/2012\/05\/ferr02-176x300.jpg 176w, https:\/\/www.rosammasana.com\/wp-content\/uploads\/2012\/05\/ferr02.jpg 241w\" sizes=\"(max-width: 176px) 100vw, 176px\" \/><\/a><\/dt>\n<dd class=\"wp-caption-dd\">Imatges cedides per el senyor Josep M. Ferr\u00e9s<\/dd>\n<\/dl>\n<\/div>\n<div class=\"mceTemp\" style=\"text-align: justify;\">\n<dl id=\"attachment_208\" class=\"wp-caption alignnone\" style=\"width: 185px;\">\n<dt class=\"wp-caption-dt\"><a href=\"http:\/\/www.rosammasana.com\/wp-content\/uploads\/2012\/05\/ferr03.jpg\"><img loading=\"lazy\" decoding=\"async\" class=\"size-medium wp-image-208\" title=\"ferr03\" src=\"http:\/\/www.rosammasana.com\/wp-content\/uploads\/2012\/05\/ferr03-175x300.jpg\" alt=\"\" width=\"175\" height=\"300\" srcset=\"https:\/\/www.rosammasana.com\/wp-content\/uploads\/2012\/05\/ferr03-175x300.jpg 175w, https:\/\/www.rosammasana.com\/wp-content\/uploads\/2012\/05\/ferr03.jpg 243w\" sizes=\"(max-width: 175px) 100vw, 175px\" \/><\/a><\/dt>\n<dd class=\"wp-caption-dd\">En aquesta ocasi\u00f3 les em escanejat del text original motiu pel que tenen poca qualitat.<\/dd>\n<\/dl>\n<\/div>\n<blockquote>\n<p style=\"text-align: justify;\">\n<\/blockquote>\n","protected":false},"excerpt":{"rendered":"<p>Article \u00a0fet per Rosa M. Masana \u00a0i publicat a la revista El Mercadal n\u00fam.11 de l\u2019any 2001 Aquesta fabrica est\u00e0 situada a la carretera de Girona a Palam\u00f3s, al km 22 dins el municipi de Cor\u00e7\u00e0. La xemeneia de la fabrica Cer\u00e0miques Ferr\u00e9s la van construir el mateix Josep M. Ferr\u00e9s i el seu germ\u00e0&#8230;<\/p>\n","protected":false},"author":1,"featured_media":206,"comment_status":"open","ping_status":"open","sticky":false,"template":"","format":"standard","meta":{"footnotes":""},"categories":[11,1840,13,9],"tags":[98,82,110,41],"class_list":["post-205","post","type-post","status-publish","format-standard","has-post-thumbnail","hentry","category-baix-emporda-xemeneies-industrials","category-corca","category-pobles","category-xemeneies-industrials","tag-bisbal","tag-ceramica","tag-ferres","tag-xemeneies"],"_links":{"self":[{"href":"https:\/\/www.rosammasana.com\/index.php?rest_route=\/wp\/v2\/posts\/205"}],"collection":[{"href":"https:\/\/www.rosammasana.com\/index.php?rest_route=\/wp\/v2\/posts"}],"about":[{"href":"https:\/\/www.rosammasana.com\/index.php?rest_route=\/wp\/v2\/types\/post"}],"author":[{"embeddable":true,"href":"https:\/\/www.rosammasana.com\/index.php?rest_route=\/wp\/v2\/users\/1"}],"replies":[{"embeddable":true,"href":"https:\/\/www.rosammasana.com\/index.php?rest_route=%2Fwp%2Fv2%2Fcomments&post=205"}],"version-history":[{"count":7,"href":"https:\/\/www.rosammasana.com\/index.php?rest_route=\/wp\/v2\/posts\/205\/revisions"}],"predecessor-version":[{"id":1188,"href":"https:\/\/www.rosammasana.com\/index.php?rest_route=\/wp\/v2\/posts\/205\/revisions\/1188"}],"wp:featuredmedia":[{"embeddable":true,"href":"https:\/\/www.rosammasana.com\/index.php?rest_route=\/wp\/v2\/media\/206"}],"wp:attachment":[{"href":"https:\/\/www.rosammasana.com\/index.php?rest_route=%2Fwp%2Fv2%2Fmedia&parent=205"}],"wp:term":[{"taxonomy":"category","embeddable":true,"href":"https:\/\/www.rosammasana.com\/index.php?rest_route=%2Fwp%2Fv2%2Fcategories&post=205"},{"taxonomy":"post_tag","embeddable":true,"href":"https:\/\/www.rosammasana.com\/index.php?rest_route=%2Fwp%2Fv2%2Ftags&post=205"}],"curies":[{"name":"wp","href":"https:\/\/api.w.org\/{rel}","templated":true}]}}