{"id":73,"date":"1994-03-28T17:35:01","date_gmt":"1994-03-28T15:35:01","guid":{"rendered":"http:\/\/www.rosammasana.com\/?p=73"},"modified":"2020-05-31T15:57:59","modified_gmt":"2020-05-31T13:57:59","slug":"dolors-martinench-una-llevadora-de-pals","status":"publish","type":"post","link":"https:\/\/www.rosammasana.com\/?p=73","title":{"rendered":"Dolors Martinench, una llevadora de Pals"},"content":{"rendered":"<p>&nbsp;<\/p>\n<p><strong>Introducci\u00f3 <\/strong><\/p>\n<p style=\"text-align: justify;\">De sempre m&#8217;ha agradat con\u00e8ixer els professionals que m&#8217;han precedit en la realitzaci\u00f3 de les tasques sanit\u00e0ries, b\u00e9 fossin infermeres com jo o llevadores. Quan parlo amb <em>una <\/em>col\u00b7lega que s\u2019ha\u00a0 jubilat i \u00a0ha exercit a la \u00a0mateixa vila, em mou la curiositat per saber quelcom m\u00e9s de la seva comesa dins el camp de la \u00a0salut. \u00a0Per tractar-se de persones que han desenvolupat una funci\u00f3 p\u00fablica i que han tingut una relaci\u00f3 ben directa amb molts palencs, \u00a0ara he considerat\u00a0 que podria ser d\u2019 inter\u00e8s explicar quelcom de la senyora Dolors.<\/p>\n<p style=\"text-align: justify;\"><!--more--><\/p>\n<figure id=\"attachment_78\" aria-describedby=\"caption-attachment-78\" style=\"width: 248px\" class=\"wp-caption aligncenter\"><a href=\"http:\/\/www.rosammasana.com\/wp-content\/uploads\/2012\/05\/dolors05.jpg\"><img loading=\"lazy\" decoding=\"async\" class=\"size-medium wp-image-78\" title=\"dolors05\" src=\"http:\/\/www.rosammasana.com\/wp-content\/uploads\/2012\/05\/dolors05-248x300.jpg\" alt=\"\" width=\"248\" height=\"300\" srcset=\"https:\/\/www.rosammasana.com\/wp-content\/uploads\/2012\/05\/dolors05-248x300.jpg 248w, https:\/\/www.rosammasana.com\/wp-content\/uploads\/2012\/05\/dolors05.jpg 282w\" sizes=\"(max-width: 248px) 100vw, 248px\" \/><\/a><figcaption id=\"caption-attachment-78\" class=\"wp-caption-text\">Dolors Martinech<\/figcaption><\/figure>\n<p style=\"text-align: justify;\"><strong>La Dolors, una noia vocacional i mare de fam\u00edlia<\/strong><\/p>\n<p style=\"text-align: justify;\">Dolors Martinench Tar\u00ed va n\u00e9ixer a l&#8217;Estar\u00adtit, el dia 8 d&#8217;agost de l&#8217;any 1914, ara fa 80 anys. De petita anava a l&#8217;escola del seu poble, m\u00e9s tard, es va traslladar al Institut de Girona per estudiar el batxillerat. \u00a0\u00a0Vivia en una resid\u00e8ncia anomenada &#8220;residen\u00adcia de se\u00f1oritas estudiantes&#8221; i considera que va ser afortunada pel fet de poder adquirir\u00a0 una cultura ja que, a comen\u00e7ament de segle, no era massa freq\u00fcent que les noies estudiessin.<\/p>\n<p style=\"text-align: justify;\">Als 22 anys, coincidint amb el primer any de la Guerra Civil espanyola, va anar a l&#8217;Hospital Cl\u00ednic de Barcelona per estudiar la carrera de llevadora. I al cap d&#8217;un temps d&#8217;haver finalitzat els estudis, es va casar amb en Narc\u00eds Pigem\u00a0 quedant-se \u00a0a viure als Masos de Pals, al mas anomenat Can Roig on encara \u00a0hi viuen, \u00e9s una masia empordanesa de molta solera tal com ho confirma la inscripci\u00f3 &#8221; 19 d&#8217;agost del 1773 &#8221; cisellada sobre la fa\u00e7ana de l&#8217;entrada principal. \u00a0La Dolors i en Narc\u00eds van tenir dos fills, el noi va estudiar enginyeria i la noia, seguint la vocaci\u00f3 de la mare, infermeria.<\/p>\n<p style=\"text-align: justify;\"><strong>La carrera a l&#8217;Hospital Cl\u00ednic de Barcelona <\/strong><\/p>\n<p style=\"text-align: justify;\">La Dolors va iniciar els estudis de llevadora l&#8217;any 1936 a l&#8217;Hospital Cl\u00ednic de Barcelona. Durant el mat\u00ed es feien les classes i les pr\u00e0ctiques, per\u00f2 ella \u00a0tamb\u00e9 s\u2019hi quedava a les tardes perqu\u00e8 li agradava. Va estar tot aquest temps d\u2019estudiant\u00a0 a una pensi\u00f3 del carrer Proven\u00e7a.<\/p>\n<p style=\"text-align: justify;\">El seu professor va ser el doctor Agust\u00ed que donava classes a un grup de 12 a 15 alumnes provinents d\u2019arreu de Catalunya. Encara recorda \u00a0perfectament el nom d&#8217;alguns metges especialistes amb els quals va treballar mentre feia les pr\u00e0ctiques. Les del primer \u00a0curs consistien, principalment, a vestir els nens i a ocupar-se de la higiene de les parteres. A l&#8217;any seg\u00fcent, prenien la tensi\u00f3 arterial, la temperatura, curaven ferides, ajudaven els altres professionals en el moment del part o durant \u00a0les ces\u00e0ries. \u00a0\u00a0Tamb\u00e9 va estar destinada a la planta de les embarassades afectades de lues o s\u00edfilis, malaltia for\u00e7a freq\u00fcent en aquella \u00e8poca.<\/p>\n<p style=\"text-align: justify;\">Una de les moltes an\u00e8cdotes que recorda fa refer\u00e8ncia a un fet tan pol\u00e8mic que fins i tot es va haver \u00a0d&#8217;anar a declarar al Jutjat. Hi havia una secci\u00f3 de maternitat anomenada col\u00b7loquialment &#8220;les distingides&#8221; on s\u2019hi\u00a0 allotjaven les parteres de classe benestant, va donar-se\u00a0 la casualitat que el n\u00famero del llit d&#8217;una partera benestant va coincidir amb el d&#8217;una mare soltera. Alg\u00fa va voler fer desapar\u00e8ixer el fill d&#8217;aquesta darrera per\u00f2, el lladre es va equivocar de secci\u00f3 i va robar el nad\u00f3 benestant. Es va fer tot el possible per trobar-lo per\u00f2 el nen no va apar\u00e8ixer.<\/p>\n<p style=\"text-align: justify;\">Durant els anys 1936 i 1937, en plena guerra civil, va atendre \u00a0a d\u2019altres \u00a0malats, com per exemple havia ajudat a fer rentats d\u2019estomac : una persona pujava a dalt d&#8217;una cadira aguantar l&#8217;embut que comunicava amb la goma que entrava per la boca fins a l&#8217;est\u00f3mac perqu\u00e8 pogu\u00e9s passar la soluci\u00f3 preparada per provocar la sortida del\u00a0 contingut \u00a0g\u00e0stric.<\/p>\n<p style=\"text-align: justify;\"><strong>Els apunts de classe <\/strong><\/p>\n<p style=\"text-align: justify;\">La Lola encara guarda un parell de llibres amb les lli\u00e7ons de classe anotades: temes sobre anatomia i fisiologia, especialment de l&#8217;aparell reproductor femen\u00ed, \u00a0patologies i algun concepte de sexualitat. \u00a0Com a terap\u00e8utica hi trobem subst\u00e0ncies i pre\u00adparats anomenats antis\u00e8ptics: l&#8217;\u00e0cid b\u00f2ric, el permanga\u00adnat \u00a0pot\u00e0ssic, el sublimat, el biclorur de mercuri, el iode, el timol, l&#8217;argirol, etc. \u00a0S&#8217;utilitzaven aquests preparats perqu\u00e8 la penicil\u00b7lina es comercialitzava amb comptagotes. Alexander Fleming(1881-1955) no feia massa anys que havia desco\u00adbert el fong <em>PeniciJJium notatum <\/em>com a agent capa\u00e7 de destruir els bacteris causants de la majoria d&#8217;infeccions i en molts casos de la mort. Les malalties infeccioses eren el repte principal per a tots els professionals sanitaris. \u00a0Tamb\u00e9 hi trobem anotat algun remei per ajudar a parir la mare en el cas d&#8217;haver complert \u00a0el temps de gestaci\u00f3 : Primer de tot, s&#8217;havia de beure una purga a base d&#8217;oli de resina, despr\u00e9s s&#8217;havia de prendre un medica\u00adment espec\u00edfic administrat amb segells que preparava l&#8217;apotecari i, finalment, se li posava una lavativa.<\/p>\n<p style=\"text-align: justify;\">Un altre remei, aquest no obst\u00e8tric, que servia per ajudar a restituir la pell lesionada\u00a0 a causa de les nafres que consistia : en aplicar sobre la part afectada una barreja de 20 gr. de vaseli\u00adna, 2 gr. de b\u00e0lsam del Per\u00fa i \u00a000&#8217;2 gr. de nitrat de plata.<\/p>\n<p style=\"text-align: justify;\"><strong>Obtenci\u00f3 del t\u00edtol i col\u00b7legiaci\u00f3<\/strong><\/p>\n<p style=\"text-align: justify;\">El dia 13 d&#8217;octubre de 1939 se li lliur\u00e0 el dfiploma acreditatiu d&#8217;haver finalitzat els estudis de llevadora, amb la qualificaci\u00f3 de notable. Aquests estudis realitzats durant el per\u00edode de la guerra civil van quedar sense efec\u00adte, per aix\u00f2 van haver de ser convalidats posteriorment. El diploma oficial\u00a0 va ser\u00a0 lliurat pel &#8220;Ministro de Educaci\u00f3n Nacional&#8221;\u00a0 el \u00a0dia 27 de gener de 1942. \u00a0Per exercir la professi\u00f3 calia estar inscrita, igual que avui, al Col\u00b7legi Professional de la prov\u00edncia on es vo\u00adlia exercir. La Lola es va col\u00b7legiar a Barcelona amb el n\u00famero 743. Aquesta xifra orienta sobre la quantitat de professionals (infermeres i llevadores) que hi havia \u00a0hagut a \u00a0la prov\u00edncia de Barcelona des de que es va implantar la col\u00b7legiaci\u00f3. Mitjan\u00e7ant una normativa oficial, se li va lliurar el t\u00edtol d&#8217;Ajudant T\u00e8cnic Sanitari amb data de 28 de desembre de 1978.<\/p>\n<figure id=\"attachment_74\" aria-describedby=\"caption-attachment-74\" style=\"width: 300px\" class=\"wp-caption alignleft\"><a href=\"http:\/\/www.rosammasana.com\/wp-content\/uploads\/2012\/05\/dolors01.jpg\"><img loading=\"lazy\" decoding=\"async\" class=\"size-medium wp-image-74  \" title=\"dolors01\" src=\"http:\/\/www.rosammasana.com\/wp-content\/uploads\/2012\/05\/dolors01-300x194.jpg\" alt=\"\" width=\"300\" height=\"194\" srcset=\"https:\/\/www.rosammasana.com\/wp-content\/uploads\/2012\/05\/dolors01-300x194.jpg 300w, https:\/\/www.rosammasana.com\/wp-content\/uploads\/2012\/05\/dolors01.jpg 497w\" sizes=\"(max-width: 300px) 100vw, 300px\" \/><\/a><figcaption id=\"caption-attachment-74\" class=\"wp-caption-text\">T\u00edtol de Matrona<\/figcaption><\/figure>\n<figure id=\"attachment_75\" aria-describedby=\"caption-attachment-75\" style=\"width: 300px\" class=\"wp-caption alignnone\"><a href=\"http:\/\/www.rosammasana.com\/wp-content\/uploads\/2012\/05\/dolors02.jpg\"><img loading=\"lazy\" decoding=\"async\" class=\"size-medium wp-image-75\" title=\"dolors02\" src=\"http:\/\/www.rosammasana.com\/wp-content\/uploads\/2012\/05\/dolors02-300x218.jpg\" alt=\"\" width=\"300\" height=\"218\" srcset=\"https:\/\/www.rosammasana.com\/wp-content\/uploads\/2012\/05\/dolors02-300x218.jpg 300w, https:\/\/www.rosammasana.com\/wp-content\/uploads\/2012\/05\/dolors02.jpg 459w\" sizes=\"(max-width: 300px) 100vw, 300px\" \/><\/a><figcaption id=\"caption-attachment-75\" class=\"wp-caption-text\">Instrumental de la Lola Martinech<\/figcaption><\/figure>\n<figure id=\"attachment_76\" aria-describedby=\"caption-attachment-76\" style=\"width: 256px\" class=\"wp-caption alignnone\"><a href=\"http:\/\/www.rosammasana.com\/wp-content\/uploads\/2012\/05\/dolors03.jpg\"><img loading=\"lazy\" decoding=\"async\" class=\"size-medium wp-image-76\" title=\"dolors03\" src=\"http:\/\/www.rosammasana.com\/wp-content\/uploads\/2012\/05\/dolors03-256x300.jpg\" alt=\"\" width=\"256\" height=\"300\" srcset=\"https:\/\/www.rosammasana.com\/wp-content\/uploads\/2012\/05\/dolors03-256x300.jpg 256w, https:\/\/www.rosammasana.com\/wp-content\/uploads\/2012\/05\/dolors03.jpg 286w\" sizes=\"(max-width: 256px) 100vw, 256px\" \/><\/a><figcaption id=\"caption-attachment-76\" class=\"wp-caption-text\">Albumin\u00edmetre amb funda de fusta<\/figcaption><\/figure>\n<p><em>L&#8217;instrumental quir\u00fargic emprat era molt semblant a l&#8217;actual, excepte les\u00a0 grapes\u00a0 i pinces de grapes aix\u00ed com el material de vidre que ara \u00e9s d\u2019un sol \u00fas i la Dolors\u00a0 guarda encara\u00a0 tamb\u00e9 el seu albumin\u00edmetre. \u00a0<\/em><\/p>\n<p style=\"text-align: justify;\"><strong>El seus primers anys de treball a la Maternitat <\/strong><\/p>\n<p style=\"text-align: justify;\">En acabar els estudis, la Lola tenia la intenci\u00f3 de tornar a casa, per\u00f2 alguns professionals que coneixien van aconsellar-li que treball\u00e9s en una ciutat i seguin el consell va quedar-se a treballar a la Maternitat \u00a0de Barcelona \u00a0acabant d\u2019adquirir una bona\u00a0 experi\u00e8ncia en obstetricia i pediatria , uns \u00a0coneixements molt \u00fatils que, m\u00e9s \u00a0tard, va \u00a0poder aplicar al municipi de Pals.<\/p>\n<p style=\"text-align: justify;\">La Maternitat, funcionava des del 1853 com a inclusa per a nens orfes , era coneguda per &#8220;La Casa de la Maternidad y Exp\u00f3sitos &#8220;, centre que havia allotjat\u00a0 a infants \u00a0orfes\u00a0 a causa de\u00a0 la Segona Guerra Mundial i tamb\u00e9\u00a0 de la Guerra Civil Espanyola . Algunes mares per\u00f2, havien mort\u00a0 per estar afectades de septic\u00e8mies post part i en no disposar d\u2019antibi\u00f2tics que poguessin pal\u00b7liar l\u2019 infecci\u00f3. \u00a0La Maternitat\u00a0 va incrementar el seu volum de parteres a\u00a0 partir del 1 de maig de 1896, quan es va\u00a0 traspassar el servei d\u2019obstetr\u00edcia\u00a0 de l&#8217;Hospital de Sant Pau en aquest centre. Com a \u00a0dada curiosa dir que les parteres tenien els fills al Pavell\u00f3 Rosa per\u00f2, l&#8217;any 1915, es va construir el Pavell\u00f3 Blau \u00a0que el varen destinar a atendre\u00a0 a les parteres \u00a0solteres (2). Quan la Lola va decidir deixar la Maternitat la Mare Superiora, Sor Manuela del Val, li va lliurar un certificat de bona conducta per haver &#8220;demostrado periecia y moralidad absoluta&#8221;. Fins aquell moment el sou \u00a0havia estat de 100 pessetes mensuals.<\/p>\n<p style=\"text-align: justify;\"><strong>La Lola, llevadora de Pals <\/strong><\/p>\n<p style=\"text-align: justify;\">El dia 9 de gener de 1948, el \u201cInstituto Nacional\u00a0 de Previsi\u00f3n\u00a0 &#8211; Caja del \u00a0Seguro de Enfermedad de la\u00a0 Delegaci\u00f3n Provincial de Gerona \u201c la va autoritzar a exercir com a llevadora \u00a0a una zona compresa de les seg\u00fcents viles: \u00a0Pals, Torrent, Palau Sator, Fontclara, Sant Feliu i Sant Juli\u00e0 de Boada. Tamb\u00e9 \u00a0se li va lliurar un document\u00a0 titulat &#8220;Instruciones a las Comadronas&#8221; que constava dels quatre seg\u00fcents \u00a0punts que resumits deien :\u00a0 1- Que es podia atendre \u00a0el part si l&#8217;embarassada portava el \u00a0volant E-1301-0. \u00a02- En cas de necessitat calia disposar de l&#8217;ajuda \u00a0del metge. \u00a03- Acabat el part, s&#8217;havia de complimentar el volant E-130 1-4 o \u00a0\u201cParte de Comadrona.\u201d \u00a04- Calia cobrar els honoraris oficialment establerts per cada part: que eren de 60 pessetes.<\/p>\n<p style=\"text-align: justify;\">Tot i que l&#8217;acte de parir \u00e9s una funci\u00f3 fisiol\u00f2gi\u00adca, que en el cas d&#8217;un part normal no presenta com\u00adplicacions, sempre hi ha d&#8217;haver alg\u00fa que ajudi a l&#8217;hora d&#8217;agafar el nad\u00f3, en el moment de tallar el cord\u00f3 umbili\u00adcal o d&#8217;expulsar la placenta. De vegades, per\u00f2, les parteres no sabien com fer for\u00e7a i respirar perqu\u00e8 el par fos m\u00e9s satisfactori\u00a0 especialment si eren mares prim\u00edpares. En cas de dificultat la llevadora havia de fer una petita incisi\u00f3 en el perineu, t\u00e8cnicament anomenada episioto\u00admia. Calia, doncs, disposar d&#8217;un equip de material com el que encara guarda la Lola. \u00a0Per esterilitzar-lo s&#8217;havia \u00a0de rentar abans molt \u00a0acuradament i fer-lo bullir durant mitja hora. Cu\u00adriosament, i malgrat les moltes vegades que els va haver de fer servir, la Lola encara guarda sencers els guants de l\u00e0tex, marca &#8220;Sem perit 7 made in Austria&#8221;.<\/p>\n<p style=\"text-align: justify;\">Tamb\u00e9 calia explorar i controlar els nivells de sucre i d&#8217;alb\u00famina de les gestants. Els m\u00e8todes eren molt rudimentaris per\u00f2 efica\u00e7os. Per exemple. per saber l&#8217;alb\u00famina es posava orina en un tub d&#8217;assaig i <em>2\/3 <\/em>gotes d&#8217;\u00e0cid ac\u00e8tic, la barreja s&#8217;escalfava amb un flamejador; un altre m\u00e8tode seria usar un cot\u00f3 impregnat d&#8217;alcohol i encendre&#8217;l. Posteriorment, es va fer servir l&#8217;albumin\u00f2rne\u00adtre<\/p>\n<p style=\"text-align: justify;\">Revisant el llibre de registre de parts assistits observem que n&#8217;hi havia de normals o b\u00e9 d&#8217;altres que havien necessitat \u00a0la pres\u00e8ncia del metge perqu\u00e8 convenia practicar una versi\u00f3 o un f\u00f2rceps; tamb\u00e9 trobem anotacions sobre el temps que durava un part des del trencament d&#8217;aig\u00fces fins a l&#8217;expulsi\u00f3 del fetus i sobre el pes del nad\u00f3.<\/p>\n<p style=\"text-align: justify;\">La Lola anava a tot arreu amb carro o b\u00e9 amb bicicleta, els mitjans de transport m\u00e9s comuns en aquell moment. Per fer-nos idea de la voluntat per solucionar els problemes tot i la manca dels mitjans adequats, recor\u00adda el dia que va n\u00e9ixer un nen gaireb\u00e9 asfixiat per haver aspirat secrecions en el moment del part; sense dubtar, va agafar una gassa i, posant-la sobre la boca del recent nascut , va procedir a aspirar-li les secrecions i el nad\u00f3 es va sal\u00advar.<\/p>\n<figure id=\"attachment_77\" aria-describedby=\"caption-attachment-77\" style=\"width: 300px\" class=\"wp-caption alignnone\"><a href=\"http:\/\/www.rosammasana.com\/wp-content\/uploads\/2012\/05\/dolors04.jpg\"><img loading=\"lazy\" decoding=\"async\" class=\"size-medium wp-image-77\" title=\"dolors04\" src=\"http:\/\/www.rosammasana.com\/wp-content\/uploads\/2012\/05\/dolors04-300x240.jpg\" alt=\"\" width=\"300\" height=\"240\" srcset=\"https:\/\/www.rosammasana.com\/wp-content\/uploads\/2012\/05\/dolors04-300x240.jpg 300w, https:\/\/www.rosammasana.com\/wp-content\/uploads\/2012\/05\/dolors04.jpg 422w\" sizes=\"(max-width: 300px) 100vw, 300px\" \/><\/a><figcaption id=\"caption-attachment-77\" class=\"wp-caption-text\">En aquell temps hi havia el costum que les llevadores acompanyessin el nad\u00f3 a batejar perqu\u00e8 la mare estava convalescent. (Fotografia J. Creixell, 1957).<\/figcaption><\/figure>\n<p>&nbsp;<\/p>\n<p style=\"text-align: justify;\">Despr\u00e9s d&#8217;aquesta llarga dedicaci\u00f3 professional, l&#8217;any 1984 es va jubilar. Les seves col\u00b7legues van organitzar l&#8217;acte d&#8217;acomiadament al restaurant Cap sa Sal on se li va fer entrega d&#8217;un ram de flors i d&#8217;una ins\u00edgnia de plata . El mes d&#8217;agost \u00a0va fer 80 anys, es troba b\u00e9 i agraeix que alg\u00fa de la vila la recordi com la llevadora que el va ajudar a n\u00e9ixer. Nosaltres, amb aquest article volem recordar-la encara m\u00e9s.<\/p>\n<p style=\"text-align: justify;\">La Dolors em va voler regalar el seu llibre de cap\u00e7alera que sempre portava al malet\u00ed\u00a0 per si en\u00a0 havia de consultar quelcom.\u00a0 Aquest llibre l&#8217;he guardat fins ara que he decidit lliurar-lo al Arxiu Municipal de Pals.<\/p>\n<figure id=\"attachment_9016\" aria-describedby=\"caption-attachment-9016\" style=\"width: 300px\" class=\"wp-caption aligncenter\"><a href=\"http:\/\/www.rosammasana.com\/wp-content\/uploads\/1994\/03\/Portada.jpg\"><img loading=\"lazy\" decoding=\"async\" class=\"size-medium wp-image-9016\" title=\"portada\" src=\"http:\/\/www.rosammasana.com\/wp-content\/uploads\/1994\/03\/Portada-300x209.jpg\" alt=\"\" width=\"300\" height=\"209\" srcset=\"https:\/\/www.rosammasana.com\/wp-content\/uploads\/1994\/03\/Portada-300x209.jpg 300w, https:\/\/www.rosammasana.com\/wp-content\/uploads\/1994\/03\/Portada-650x453.jpg 650w, https:\/\/www.rosammasana.com\/wp-content\/uploads\/1994\/03\/Portada.jpg 1887w\" sizes=\"(max-width: 300px) 100vw, 300px\" \/><\/a><figcaption id=\"caption-attachment-9016\" class=\"wp-caption-text\">J. Vicarelli (llibre cedit per la Dolors)<\/figcaption><\/figure>\n<figure id=\"attachment_9017\" aria-describedby=\"caption-attachment-9017\" style=\"width: 300px\" class=\"wp-caption alignright\"><a href=\"http:\/\/www.rosammasana.com\/wp-content\/uploads\/1994\/03\/Index-1-i-2-3-copia.jpg\"><img loading=\"lazy\" decoding=\"async\" class=\"size-medium wp-image-9017\" title=\"index-1-i-2-3-copia\" src=\"http:\/\/www.rosammasana.com\/wp-content\/uploads\/1994\/03\/Index-1-i-2-3-copia-300x300.jpg\" alt=\"\" width=\"300\" height=\"300\" srcset=\"https:\/\/www.rosammasana.com\/wp-content\/uploads\/1994\/03\/Index-1-i-2-3-copia-300x300.jpg 300w, https:\/\/www.rosammasana.com\/wp-content\/uploads\/1994\/03\/Index-1-i-2-3-copia-150x150.jpg 150w, https:\/\/www.rosammasana.com\/wp-content\/uploads\/1994\/03\/Index-1-i-2-3-copia-650x648.jpg 650w\" sizes=\"(max-width: 300px) 100vw, 300px\" \/><\/a><figcaption id=\"caption-attachment-9017\" class=\"wp-caption-text\">\u00cdndex del llibre de J. Vicarelli<\/figcaption><\/figure>\n<p><a href=\"http:\/\/www.rosammasana.com\/wp-content\/uploads\/2012\/05\/dolors06.jpg\"><img loading=\"lazy\" decoding=\"async\" class=\"alignnone size-medium wp-image-79\" title=\"dolors06\" src=\"http:\/\/www.rosammasana.com\/wp-content\/uploads\/2012\/05\/dolors06-300x283.jpg\" alt=\"\" width=\"300\" height=\"283\" srcset=\"https:\/\/www.rosammasana.com\/wp-content\/uploads\/2012\/05\/dolors06-300x283.jpg 300w, https:\/\/www.rosammasana.com\/wp-content\/uploads\/2012\/05\/dolors06.jpg 337w\" sizes=\"(max-width: 300px) 100vw, 300px\" \/><\/a><\/p>\n<p>Notes:<\/p>\n<p>(1)\u00a0 Dr. J. MULL i J. CABOT: Casa provincial de la Maternidad y Exp\u00f3sitos de Barcelona -Inclusa-, Barcelona 1889.<\/p>\n<p>(2)\u00a0 Idem.<\/p>\n<blockquote><p>Aquest article\u00a0 fet per Rosa M. Masana \u00a0&#8211; infermera de Pals-\u00a0 i va ser publicar a la revista Torre de les Hores de Pals n\u00famero 3 de l\u2019 any 1994<\/p><\/blockquote>\n","protected":false},"excerpt":{"rendered":"<p>&nbsp; Introducci\u00f3 De sempre m&#8217;ha agradat con\u00e8ixer els professionals que m&#8217;han precedit en la realitzaci\u00f3 de les tasques sanit\u00e0ries, b\u00e9 fossin infermeres com jo o llevadores. Quan parlo amb una col\u00b7lega que s\u2019ha\u00a0 jubilat i \u00a0ha exercit a la \u00a0mateixa vila, em mou la curiositat per saber quelcom m\u00e9s de la seva comesa dins el&#8230;<\/p>\n","protected":false},"author":1,"featured_media":74,"comment_status":"open","ping_status":"open","sticky":false,"template":"","format":"standard","meta":{"footnotes":""},"categories":[8,5,17,13],"tags":[87,1846],"class_list":["post-73","post","type-post","status-publish","format-standard","has-post-thumbnail","hentry","category-baix-emporda","category-llevadores","category-pals","category-pobles","tag-llevadora","tag-pals"],"_links":{"self":[{"href":"https:\/\/www.rosammasana.com\/index.php?rest_route=\/wp\/v2\/posts\/73"}],"collection":[{"href":"https:\/\/www.rosammasana.com\/index.php?rest_route=\/wp\/v2\/posts"}],"about":[{"href":"https:\/\/www.rosammasana.com\/index.php?rest_route=\/wp\/v2\/types\/post"}],"author":[{"embeddable":true,"href":"https:\/\/www.rosammasana.com\/index.php?rest_route=\/wp\/v2\/users\/1"}],"replies":[{"embeddable":true,"href":"https:\/\/www.rosammasana.com\/index.php?rest_route=%2Fwp%2Fv2%2Fcomments&post=73"}],"version-history":[{"count":15,"href":"https:\/\/www.rosammasana.com\/index.php?rest_route=\/wp\/v2\/posts\/73\/revisions"}],"predecessor-version":[{"id":506,"href":"https:\/\/www.rosammasana.com\/index.php?rest_route=\/wp\/v2\/posts\/73\/revisions\/506"}],"wp:featuredmedia":[{"embeddable":true,"href":"https:\/\/www.rosammasana.com\/index.php?rest_route=\/wp\/v2\/media\/74"}],"wp:attachment":[{"href":"https:\/\/www.rosammasana.com\/index.php?rest_route=%2Fwp%2Fv2%2Fmedia&parent=73"}],"wp:term":[{"taxonomy":"category","embeddable":true,"href":"https:\/\/www.rosammasana.com\/index.php?rest_route=%2Fwp%2Fv2%2Fcategories&post=73"},{"taxonomy":"post_tag","embeddable":true,"href":"https:\/\/www.rosammasana.com\/index.php?rest_route=%2Fwp%2Fv2%2Ftags&post=73"}],"curies":[{"name":"wp","href":"https:\/\/api.w.org\/{rel}","templated":true}]}}