{"id":7645,"date":"2020-02-04T16:32:21","date_gmt":"2020-02-04T14:32:21","guid":{"rendered":"http:\/\/www.rosammasana.com\/?p=7645"},"modified":"2025-02-28T18:11:05","modified_gmt":"2025-02-28T16:11:05","slug":"revista-terme-2019","status":"publish","type":"post","link":"https:\/\/www.rosammasana.com\/?p=7645","title":{"rendered":"Revista Terme 2019"},"content":{"rendered":"<p style=\"text-align: justify;\"><span style=\"text-align: justify;\">El passat dimecres dia 29 de gener de l\u2019any 2020 el <a title=\"Centre d'estudis hist\u00f2rics de Terrassa\" href=\"https:\/\/ca-es.facebook.com\/CEHTerrassa\">Centre d\u2019Estudis Hist\u00f2rics de Terrass<\/a>a, Arxiu Hist\u00f2ric de Terrassa, <a title=\"Arxiu Hist\u00f2ric Comarcal de Terrassa\" href=\"http:\/\/xac.gencat.cat\/ca\/llista_arxius_comarcals\/valles_occ\/\">Arxiu Comarcal del Vall\u00e8s Occidental<\/a> van presentar el n\u00famero 34 de la revista Terme corresponent a l\u2019any 2019.\u00a0<\/span><span style=\"text-align: justify;\">En aquesta ocasi\u00f3 a Editorial es tracta el tema del Patrimoni Cultural,\u00a0 a Dossier de Sant Pere d&#8217;Egara i continuava amb diversos\u00a0 temes\u00a0 de car\u00e0cter hist\u00f2rics relacionats amb la ciutat.<\/span><\/p>\n<p style=\"text-align: justify;\"><span style=\"text-align: justify;\"><a href=\"http:\/\/www.rosammasana.com\/wp-content\/uploads\/2020\/02\/0-Xemeneia-Almiral.jpg\"><img loading=\"lazy\" decoding=\"async\" class=\"alignleft size-thumbnail wp-image-7669\" title=\"0-xemeneia-almiral\" src=\"http:\/\/www.rosammasana.com\/wp-content\/uploads\/2020\/02\/0-Xemeneia-Almiral-150x150.jpg\" alt=\"\" width=\"150\" height=\"150\" \/><\/a>Durant les exposicions dels articles fetes per Joan Soler (director de l\u2019Arxiu Hist\u00f2ric de Terrassa AHT) va comentar que despr\u00e9s de 20 anys que Rosa M. Masana hagu\u00e9s escrit l&#8217;article Els constructors de la Xemeneia Almirall de Terrassa ara fes un segona cr\u00f2nica aportant noves dades de la xemeneia. Vaig restar sorpresa quan va indicar que havien transcorregut 20 anys, de fet l&#8217;anterior article va ser presentat a la revista n\u00famero <strong>14<\/strong> amb el t\u00edtol :<strong> <a title=\"Els constructors de la xemeneia Almirall\" href=\"https:\/\/www.raco.cat\/index.php\/Terme\/article\/view\/40696\/122145\">Els constructors de la xemeneia de la B\u00f2bila Almirall<\/a><\/strong>\u00a0i en\u00a0aquesta\u00a0 segona ocasi\u00f3 correspon al n\u00famero <strong>34<\/strong>\u00a0 que porta per t\u00edtol : <strong>La Xemeneia Almirall, noves aportacions<\/strong>, m\u00e9s endavant\u00a0 ser\u00e0 consultable en l\u00ednia.\u00a0 \u00a0 \u00a0\u00a0<\/span><\/p>\n<div class=\"mceTemp\"><\/div>\n<h4 class=\"mceTemp\">\u00a0 \u00a0 \u00a0 \u00a0 \u00a0 \u00a0 Es pot veure un v\u00eddeo\u00a0 ofert per\u00a0 Drone Sky View<\/h4>\n<h4 class=\"mceTemp\">\u00a0<a href=\"http:\/\/www.rosammasana.com\/wp-content\/uploads\/2021\/12\/X.Almirall-DSV-11-2018-mitjana.mp4\">x-almirall-dsv-11-2018-mitjana<\/a>\u00a0 a Rosa M. Masana per\u00a0conmemorar la xemeneia i als seus constructors<\/h4>\n<h4 class=\"mceTemp\">\u00a0 \u00a0 \u00a0 \u00a0 \u00a0 \u00a0 \u00a0 \u00a0\u00a0\u00a0 \u00a0 \u00a0 \u00a0 \u00a0 \u00a0 \u00a0 \u00a0 \u00a0 \u00a0 \u00a0 \u00a0 \u00a0 \u00a0 \u00a0 \u00a0 \u00a0 \u00a0 \u00a0 \u00a0 \u00a0 \u00a0 \u00a0 \u00a0 \u00a0 \u00a0 \u00a0 \u00a0 \u00a0 \u00a0 \u00a0 \u00a0 \u00a0 \u00a0 \u00a0 \u00a0 \u00a0 \u00a0 \u00a0 \u00a0 \u00a0 \u00a0 \u00a0\u00a0<a href=\"http:\/\/www.rosammasana.com\/wp-content\/uploads\/2020\/02\/Fragmen-text.jpg\"><img loading=\"lazy\" decoding=\"async\" class=\"alignright size-medium wp-image-7944\" title=\"fragmen-text\" src=\"http:\/\/www.rosammasana.com\/wp-content\/uploads\/2020\/02\/Fragmen-text-300x259.jpg\" alt=\"Darrer article de Terme de l'any 2019\" width=\"300\" height=\"259\" srcset=\"https:\/\/www.rosammasana.com\/wp-content\/uploads\/2020\/02\/Fragmen-text-300x259.jpg 300w, https:\/\/www.rosammasana.com\/wp-content\/uploads\/2020\/02\/Fragmen-text-650x562.jpg 650w\" sizes=\"(max-width: 300px) 100vw, 300px\" \/><\/a><\/h4>\n","protected":false},"excerpt":{"rendered":"<p>El passat dimecres dia 29 de gener de l\u2019any 2020 el Centre d\u2019Estudis Hist\u00f2rics de Terrassa, Arxiu Hist\u00f2ric de Terrassa, Arxiu Comarcal del Vall\u00e8s Occidental van presentar el n\u00famero 34 de la revista Terme corresponent a l\u2019any 2019.\u00a0En aquesta ocasi\u00f3 a Editorial es tracta el tema del Patrimoni Cultural,\u00a0 a Dossier de Sant Pere d&#8217;Egara&#8230;<\/p>\n","protected":false},"author":1,"featured_media":0,"comment_status":"open","ping_status":"open","sticky":false,"template":"","format":"standard","meta":{"footnotes":""},"categories":[4,14,6],"tags":[887,1554,1555,408],"class_list":["post-7645","post","type-post","status-publish","format-standard","hentry","category-diversos","category-terrassa-pobles","category-terrassa","tag-887","tag-noves-aportacions-xemenneia-almirall","tag-video-xemeneia-almirall","tag-xemeneia-almirall"],"_links":{"self":[{"href":"https:\/\/www.rosammasana.com\/index.php?rest_route=\/wp\/v2\/posts\/7645"}],"collection":[{"href":"https:\/\/www.rosammasana.com\/index.php?rest_route=\/wp\/v2\/posts"}],"about":[{"href":"https:\/\/www.rosammasana.com\/index.php?rest_route=\/wp\/v2\/types\/post"}],"author":[{"embeddable":true,"href":"https:\/\/www.rosammasana.com\/index.php?rest_route=\/wp\/v2\/users\/1"}],"replies":[{"embeddable":true,"href":"https:\/\/www.rosammasana.com\/index.php?rest_route=%2Fwp%2Fv2%2Fcomments&post=7645"}],"version-history":[{"count":28,"href":"https:\/\/www.rosammasana.com\/index.php?rest_route=\/wp\/v2\/posts\/7645\/revisions"}],"predecessor-version":[{"id":7684,"href":"https:\/\/www.rosammasana.com\/index.php?rest_route=\/wp\/v2\/posts\/7645\/revisions\/7684"}],"wp:attachment":[{"href":"https:\/\/www.rosammasana.com\/index.php?rest_route=%2Fwp%2Fv2%2Fmedia&parent=7645"}],"wp:term":[{"taxonomy":"category","embeddable":true,"href":"https:\/\/www.rosammasana.com\/index.php?rest_route=%2Fwp%2Fv2%2Fcategories&post=7645"},{"taxonomy":"post_tag","embeddable":true,"href":"https:\/\/www.rosammasana.com\/index.php?rest_route=%2Fwp%2Fv2%2Ftags&post=7645"}],"curies":[{"name":"wp","href":"https:\/\/api.w.org\/{rel}","templated":true}]}}