{"id":7961,"date":"2020-02-28T19:39:38","date_gmt":"2020-02-28T17:39:38","guid":{"rendered":"http:\/\/www.rosammasana.com\/?p=7961"},"modified":"2026-03-17T11:08:03","modified_gmt":"2026-03-17T09:08:03","slug":"la-candidatura-de-pilar-de-viala-barrera","status":"publish","type":"post","link":"https:\/\/www.rosammasana.com\/?p=7961","title":{"rendered":"La candidatura de Pilar de Viala Barrera i d&#8217;altres"},"content":{"rendered":"<p style=\"text-align: justify;\">He localitzat entre els documents que tenia guardats un impr\u00e8s que no porta data que havia de pert\u00e0nyer a la candidatura de la Pilar de Viala per crear la nova Junta de govern del \u2018<em>Colegio Provincial de Auxiliares Sanitarios \u201cSeccion Enfermeras y A.T.S<\/em>.\u2019 de Barcelona,\u00a0 actual <a title=\"Col\u00b7legi Oficial de Infermeres i Infermers de Barcelona\" href=\"https:\/\/www.coib.cat\/ca-es\/inici.html\">Col\u00b7legi Oficial Infermeres i Infermes\u00a0 Barcelona<\/a>, ho hem considerat aix\u00ed perqu\u00e8 la llista est\u00e0 encap\u00e7alada per Pilar de Viala quan en aquell moment era presidenta del Col\u00b7legi, tot hi no constar la data pensem que podria tractar-se de l\u2019 any 1974, perqu\u00e8 a la seg\u00fcent candidatura l\u2019any 1978 en va sortir elegida presidenta del Col\u00b7legi <a title=\"Rosa Serra Budoy\" href=\"https:\/\/www.coib.cat\/ca-es\/actualitat-professional\/professio\/in-memoriam-rosa-serra-budoy.html\">Rosa Serra Budoy.<\/a><\/p>\n<p>&nbsp;<\/p>\n<figure id=\"attachment_7970\" aria-describedby=\"caption-attachment-7970\" style=\"width: 150px\" class=\"wp-caption aligncenter\"><a href=\"http:\/\/www.rosammasana.com\/wp-content\/uploads\/2020\/02\/images.jpg\"><img loading=\"lazy\" decoding=\"async\" class=\"size-thumbnail wp-image-7970\" title=\"images\" src=\"http:\/\/www.rosammasana.com\/wp-content\/uploads\/2020\/02\/images-150x150.jpg\" alt=\"\" width=\"150\" height=\"150\" \/><\/a><figcaption id=\"caption-attachment-7970\" class=\"wp-caption-text\">Rosa Serra (imatge Rosa M. Masana)<\/figcaption><\/figure>\n<p>&nbsp;<\/p>\n<figure id=\"attachment_7962\" aria-describedby=\"caption-attachment-7962\" style=\"width: 150px\" class=\"wp-caption aligncenter\"><a href=\"http:\/\/www.rosammasana.com\/wp-content\/uploads\/2020\/02\/Rosa015.jpg\"><img loading=\"lazy\" decoding=\"async\" class=\"size-thumbnail wp-image-7962\" title=\"rosa015\" src=\"http:\/\/www.rosammasana.com\/wp-content\/uploads\/2020\/02\/Rosa015-150x150.jpg\" alt=\"\" width=\"150\" height=\"150\" \/><\/a><figcaption id=\"caption-attachment-7962\" class=\"wp-caption-text\">Fragment de l&#8217;impr\u00e8s de la candidatura<\/figcaption><\/figure>\n<p>&nbsp;<\/p>\n<p style=\"text-align: justify;\">Abans de reciclar el document he considerar adient esmentar que el nombre de candides presentades en aquesta convocat\u00f2ria va ser de 15 infermeres que ara vistos els seus noms he recordat que totes gaudien de reconeixement per la seva preparaci\u00f3 professional, algunes d\u2019elles van ser per a mi un referent donada la seva personalitat i dots de lideratge.<\/p>\n<p style=\"text-align: justify;\">En la relaci\u00f3 de candidates a m\u00e9s del nom i consta el lloc de residencia, l&#8217;hospital on treball\u00e0vem i el c\u00e0rrec professional que exercien que era en els \u00e0mbits de la gesti\u00f3 hospital\u00e0ria desenvolupant les funcions de cap d\u2019infermeria, supervisi\u00f3, cap d\u2019escoles d\u2019infermeria, coordinadora d\u2019estudis i d\u2019instructores docents de la prov\u00edncia de Barcelona.<\/p>\n<p style=\"text-align: justify;\">Els noms que consten al impr\u00e8s que porta el logotip de la <em>\u2018Direcci\u00f3n General de Sanidad\u2019<\/em> est\u00e0 encap\u00e7alat per Pilar de Viala i seguia amb les candidates a formar la Junta: Isabel Fargu\u00e9s Garc\u00eda, Teresa Sard\u00e0 Minguell, <a title=\"Gloria Tarin\" href=\"http:\/\/canalsalut.gencat.cat\/web\/.content\/_A-Z\/T\/tabac_responsiu\/tabac_material_divulgatiu\/16anys.pdf\">Gloria Tarin Sabarn\u00e9s<\/a>, M\u00aa del Carmen Delgado, M\u00aa del Carmen Mallafre Escud\u00e9, Rosa Serra Budoy, M\u00aa <a title=\"Teresa Piulats \" href=\"https:\/\/cargos.axesor.es\/cargo\/maria-teresa-piulachs-moles\">Teresa Piulats Moles<\/a>, Anna Marie Cros Claras\u00f3, Rosalia Bonfill Coll, Rosa M. Masana Ribas, Ant\u00f2nia Esteva Vila, Carmen Nogu\u00e9s Domingo, <a title=\"M\u00aa dela \u00c0ngels Camp\" href=\"http:\/\/www.infermeriaisocietat.cat\/noticies\/66-el-proxim-11-de-maig-s-entreguen-els-premis-infermeria-i-societat-2016\">M\u00aa dels \u00c0ngels Camp Sanz<\/a> i M\u00aa del Carme Mart\u00ednez Torres.<\/p>\n<p style=\"text-align: justify;\">Referent a <a title=\"Pilar de Viala\" href=\"https:\/\/books.google.es\/books?id=mCp879sIXyUC&amp;pg=PA135&amp;lpg=PA135&amp;dq=Pilar+d+Viala&amp;source=bl&amp;ots=KrrdB-dtG0&amp;sig=ACfU3U3BhYHgrHcgBX8lmDNY6Jo\">Pilar de Viala<\/a> podem saber quelcom m\u00e9s d\u2019ella consultant el llibre fet per set autors i coordinat per Roser Valls titulat Infermeres catalanes a la Guerra Civil espanyola. Publicacions Universitat de Barcelona,2008, pagina 135.<\/p>\n<p style=\"text-align: justify;\">Carme Nogu\u00e9s va fer el pr\u00f2leg del llibre\u00a0 de M.A.Martorell, J.M. Comelles , M.Bernal (eds) <a title=\"Antropologia y enfermeria\" href=\"http:\/\/www.caminserret.com\/documents\/productes\/am02.pdf\">Antropologia y enfermeria. <\/a>Campos de encuentro . Un homenaje a Dina Garc\u00e9s, II. Universitat Rovira Virgili., 2010.<\/p>\n<p>&nbsp;<\/p>\n<figure id=\"attachment_8998\" aria-describedby=\"caption-attachment-8998\" style=\"width: 150px\" class=\"wp-caption aligncenter\"><a href=\"http:\/\/www.rosammasana.com\/wp-content\/uploads\/2020\/02\/Col\u00b7legi-ATS.png\"><img loading=\"lazy\" decoding=\"async\" class=\"size-thumbnail wp-image-8998\" title=\"col%c2%b7legi-ats\" src=\"http:\/\/www.rosammasana.com\/wp-content\/uploads\/2020\/02\/Col\u00b7legi-ATS-150x150.png\" alt=\"\" width=\"150\" height=\"150\" \/><\/a><figcaption id=\"caption-attachment-8998\" class=\"wp-caption-text\">Eleccions Col\u00b7legi Professional<\/figcaption><\/figure>\n<p style=\"text-align: justify;\">Despr\u00e8s d&#8217;uns dies d&#8217;haver escrit aquest aquest,\u00a0 he trobat un retall de premsa de la Vanguardia del dia 21 de novembre de l&#8217;any 1983 on hi consta que m&#8217;havia presentat a una renovaci\u00f3 parcial de la Junta del Col\u00b7legi Professional d&#8217;Infermeria de Barcelona.<\/p>\n<p style=\"text-align: justify;\">No recordava\u00a0 gens aquest fet i per la qual cosa he tingut una sorpresa en veure aquesta informaci\u00f3. Penso que possiblement m&#8217;animaven a presentar-me per ocupar un c\u00e0rrec al Col\u00b7legi d&#8217;Infermeres\u00a0 per obtenir uns possibles vots vinguts dels professionals de Terrassa i de les estudiants de la mateixa\u00a0 promoci\u00f3 d&#8217;estudis, no ho se.<\/p>\n<p><strong>Notes<\/strong><\/p>\n<p>Informaci\u00f3 obtnguda el mes de mar\u00e7 del 2026\u00a0 referent\u00a0 a algunes de les candidates presentades.<\/p>\n<p><strong>Pilar de Viala -Barrera<\/strong>\u00a0 junt amb <strong>M.Carmen Delgado Rodrigez<\/strong> van traduir el llibre d&#8217;Andr\u00e9 Mont\u00e9sino al espanyol titulat La enfermera y la organizac\u00f3n\u00a0 del trabajo hospitalario. Editorial M\u00e9dica 1974.<\/p>\n<p>Pilar va assistir de congresista en el X Congres Mundial d&#8217;infermeres cat\u00f2liques . Font: Documents de l&#8217;Associaci\u00f3 Salus Infirmorum. Segons &#8216;rememori&#8217; va morir el dia 15 de maig de l&#8217;any 2009 als 92 anys.<\/p>\n<p><strong>Rosa Serra Budoy<\/strong> el Col\u00b7legi d&#8217;Infermeria de Barcelona li va fer un<a href=\"https:\/\/www.coib.cat\/ca-es\/actualitat-professional\/professio\/in-memoriam-rosa-serra-budoy.html\"> &#8216;In Memoriam<\/a> datat el 10 de mar\u00e7 de l&#8217;any 2016.<\/p>\n<p>Teresa Piulats Moles\u00a0 disposa de informaci\u00f3 a la <a href=\"https:\/\/ca.wikipedia.org\/wiki\/Teresa_Piulachs_Moles\">Wikipedia<\/a> .<\/p>\n<p>&nbsp;<\/p>\n","protected":false},"excerpt":{"rendered":"<p>He localitzat entre els documents que tenia guardats un impr\u00e8s que no porta data que havia de pert\u00e0nyer a la candidatura de la Pilar de Viala per crear la nova Junta de govern del \u2018Colegio Provincial de Auxiliares Sanitarios \u201cSeccion Enfermeras y A.T.S.\u2019 de Barcelona,\u00a0 actual Col\u00b7legi Oficial Infermeres i Infermes\u00a0 Barcelona, ho hem considerat&#8230;<\/p>\n","protected":false},"author":1,"featured_media":0,"comment_status":"open","ping_status":"open","sticky":false,"template":"","format":"standard","meta":{"footnotes":""},"categories":[381,1,6],"tags":[931],"class_list":["post-7961","post","type-post","status-publish","format-standard","hentry","category-barcelona","category-infermeria","category-terrassa","tag-candidatura-collegi-oficial-dinfermeres-de-catalunya"],"_links":{"self":[{"href":"https:\/\/www.rosammasana.com\/index.php?rest_route=\/wp\/v2\/posts\/7961"}],"collection":[{"href":"https:\/\/www.rosammasana.com\/index.php?rest_route=\/wp\/v2\/posts"}],"about":[{"href":"https:\/\/www.rosammasana.com\/index.php?rest_route=\/wp\/v2\/types\/post"}],"author":[{"embeddable":true,"href":"https:\/\/www.rosammasana.com\/index.php?rest_route=\/wp\/v2\/users\/1"}],"replies":[{"embeddable":true,"href":"https:\/\/www.rosammasana.com\/index.php?rest_route=%2Fwp%2Fv2%2Fcomments&post=7961"}],"version-history":[{"count":16,"href":"https:\/\/www.rosammasana.com\/index.php?rest_route=\/wp\/v2\/posts\/7961\/revisions"}],"predecessor-version":[{"id":18456,"href":"https:\/\/www.rosammasana.com\/index.php?rest_route=\/wp\/v2\/posts\/7961\/revisions\/18456"}],"wp:attachment":[{"href":"https:\/\/www.rosammasana.com\/index.php?rest_route=%2Fwp%2Fv2%2Fmedia&parent=7961"}],"wp:term":[{"taxonomy":"category","embeddable":true,"href":"https:\/\/www.rosammasana.com\/index.php?rest_route=%2Fwp%2Fv2%2Fcategories&post=7961"},{"taxonomy":"post_tag","embeddable":true,"href":"https:\/\/www.rosammasana.com\/index.php?rest_route=%2Fwp%2Fv2%2Ftags&post=7961"}],"curies":[{"name":"wp","href":"https:\/\/api.w.org\/{rel}","templated":true}]}}