{"id":808,"date":"2014-12-30T14:59:36","date_gmt":"2014-12-30T12:59:36","guid":{"rendered":"http:\/\/www.rosammasana.com\/?p=808"},"modified":"2023-09-04T18:09:08","modified_gmt":"2023-09-04T16:09:08","slug":"records-duna-pilot-aeronautica-de-lany-1978","status":"publish","type":"post","link":"https:\/\/www.rosammasana.com\/?p=808","title":{"rendered":"Records d&#8217;una pilot aeron\u00e0utica del 1978"},"content":{"rendered":"<p>Article publicat a la revista que edita l\u2019Aeroclub de Barcelona-Sabadell al n\u00famero especial de l\u2019any 2011. En aquest\u00a0article hem incl\u00f2s algunes \u00a0imatges m\u00e9s de les que van ser publicades.<\/p>\n<p><a href=\"http:\/\/www.rosammasana.com\/wp-content\/uploads\/2014\/12\/ROSA-M.-Masana-aviaci\u00f3.pdf\">Aneu a l&#8217;article clicant aqu\u00ed<\/a><\/p>\n<p style=\"text-align: justify;\">El dia 30 de mar\u00e7 de 2015 \u00a0l\u00b4autor Jes\u00fas Rubio Pilarte va publicar \u00a0un article\u00a0 titulat <strong>\u201cEnfermeras pilotos o enfermeres del aire\u201d<\/strong> \u00a0a Enfermeria avanza, \u00a0bloc destinat a explicar la hist\u00f2ria de la infermeria que \u00a0gestiona \u00a0l\u00b4infermer \u00a0Manuel Solorzano.<\/p>\n<p style=\"text-align: justify;\">Explica que l\u00b4any 1945\u00a0 un grup de 32 infermeres volunt\u00e0ries i liderades per Fran\u00e7oise Schneider, Marquesa de Noailles i Lilia Vandeuvre van crear amb \u00a0inscripci\u00f3 a \u00a0la secci\u00f3 \u00a0de la organitzaci\u00f3 de la Creu Roja francesa \u00a0el cos de : \u00a0Infermeres Pilots, Socorristes del Aire (IPSA) amb l\u00b4objectiu de rescatar i atendre als ferits de guerra. Utilitzaven avions petits com els Dakota i els Junkers. Per llegir l\u00b4article complets clicar a <a title=\"Enfermeria avanza\" href=\"http:\/\/enfeps.blogspot.com.es\/2015\/03\/enfermeras-pilotos-o-enfermeras-del-aire.html\">Enfermeras piloto<\/a>s.<\/p>\n<p style=\"text-align: justify;\">He considerat adjuntar la referencia d\u00b4aquest article per la meva condici\u00f3 d\u00b4infermera i \u00a0tamb\u00e9 de afeccionada a la aeron\u00e0utica.<\/p>\n<figure id=\"attachment_2255\" aria-describedby=\"caption-attachment-2255\" style=\"width: 220px\" class=\"wp-caption aligncenter\"><a href=\"http:\/\/www.rosammasana.com\/wp-content\/uploads\/2014\/12\/img107.jpg\"><img loading=\"lazy\" decoding=\"async\" class=\"size-medium wp-image-2255 \" title=\"Rosa M. Masana\" src=\"http:\/\/www.rosammasana.com\/wp-content\/uploads\/2014\/12\/img107-220x300.jpg\" alt=\"\" width=\"220\" height=\"300\" srcset=\"https:\/\/www.rosammasana.com\/wp-content\/uploads\/2014\/12\/img107-220x300.jpg 220w, https:\/\/www.rosammasana.com\/wp-content\/uploads\/2014\/12\/img107-478x650.jpg 478w, https:\/\/www.rosammasana.com\/wp-content\/uploads\/2014\/12\/img107.jpg 578w\" sizes=\"(max-width: 220px) 100vw, 220px\" \/><\/a><figcaption id=\"caption-attachment-2255\" class=\"wp-caption-text\">Rosa M. Masana, l&#39; any 1978 amb el model d\u00b4ulleres de sol que portaven els pilots. Imatge Anna Ribas<\/figcaption><\/figure>\n<p>&nbsp;<\/p>\n<p style=\"text-align: justify;\">\u00a0A les p\u00e0gines del article \u00a0que he presentat \u00a0esmentava a \u00a0Narc\u00eds Parera Ferran \u00a0i , recentment he localitzat una \u00a0cr\u00f2nica \u00a0a internet, \u00a0escrita per Leandro Escorsell que parla d&#8217;ell, en especial \u00a0feta per recordar l&#8217;accident que li va costar la vida el dia 6 de mar\u00e7 de l&#8217;any 1986 mentre volava amb la Cessna 320 (EC CAR). Hem \u00a0incl\u00f2s aqu\u00ed la <a href=\"http:\/\/www.iurisegur.com\/mundo-de-la-aviacion-302\/\">noticia.<\/a><\/p>\n<p style=\"text-align: justify;\">Tamb\u00e9 Jos\u00e9 Pellegero Bel, doctor enginyer aeron\u00e0utic , parla de Narc\u00eds amb admiraci\u00f3 com a t\u00e8cnic i tamb\u00e9 \u00a0de les seves qualitats humanes. L&#8217;article \u00a0va ser publicat a la <a href=\"http:\/\/hemeroteca.lavanguardia.com\/preview\/1986\/06\/08\/pagina-103\/32873893\/pdf.html\">Vanguardia<\/a> del dia 8 de junt de l&#8217;any 1986, pag. 103.<\/p>\n<p style=\"text-align: justify;\">Amb data 2 de novembre el senyor Leandro Escorcell \u00a0amb lliura una nota d&#8217;agra\u00efment pel fet de haver parlat de Narc\u00eds Parera . Tamb\u00e9 ens dona la adre\u00e7a del seu bloc que hi hem fet un enlla\u00e7 per la informaci\u00f3 i viv\u00e8ncies dins el mom de l&#8217; aeron\u00e0utica. Per consultar el blocg clicar a <a title=\"Leando Escorcell\" href=\"http:\/\/leandroaviacion.blogspot.com.es\">L. Escorcell.<\/a><\/p>\n<figure id=\"attachment_9175\" aria-describedby=\"caption-attachment-9175\" style=\"width: 150px\" class=\"wp-caption alignleft\"><a href=\"http:\/\/www.rosammasana.com\/wp-content\/uploads\/2014\/12\/cabina.jpg\"><img loading=\"lazy\" decoding=\"async\" class=\"size-thumbnail wp-image-9175\" title=\"cabina\" src=\"http:\/\/www.rosammasana.com\/wp-content\/uploads\/2014\/12\/cabina-150x150.jpg\" alt=\"\" width=\"150\" height=\"150\" \/><\/a><figcaption id=\"caption-attachment-9175\" class=\"wp-caption-text\">Comandaments<\/figcaption><\/figure>\n<p style=\"text-align: justify;\">L\u2019any 2005 \u2018Aeropuertos Espa\u00f1oles y Navegaci\u00f3n A\u00e9rea\u2019 -Aena-, va publicar un llibre titulat \u2018Historia de los Aeropuertos Espa\u00f1oles\u2019 presentat\u00a0 per Manuel Azuaga, President-Director d\u2019Aena.\u00a0 Hi ha un cap\u00edtol dedicat al Aeroport de Sabadell\u00a0 amb \u00a0pr\u00f2leg de Manuel Navarro \u00a0Prieto.\u00a0 Presentem\u00a0 la introducci\u00f3 y \u00edndex del llibre\u00a0 a:\u00a0<a href=\"http:\/\/www.rosammasana.com\/wp-content\/uploads\/2014\/12\/Presentaci\u00f3-aeroport-Sabadell.pdf\">presentacio-aeroport-sabadell<\/a><\/p>\n<p style=\"text-align: justify;\">\u00a0Fa poc, vaig donar una ullada al llibre de Josep Canudes titulat Historia de la Aviacio catalana 1908-1938, llibre regalat i dedicat la meva amiga Teresa Soler , sempre l&#8217;he donat import\u00e0ncia a aquest detall que va tenir amb mi, ara m&#8217;ha semblat que podia incloure en aquest espai dues images que en donen testimoni.<\/p>\n<figure id=\"attachment_12268\" aria-describedby=\"caption-attachment-12268\" style=\"width: 300px\" class=\"wp-caption aligncenter\"><a href=\"http:\/\/www.rosammasana.com\/wp-content\/uploads\/2014\/12\/Ultralleuger-M.Rosa-Serra.jpg\"><img loading=\"lazy\" decoding=\"async\" class=\"size-medium wp-image-12268\" title=\"ultralleuger-m-rosa-serra\" src=\"http:\/\/www.rosammasana.com\/wp-content\/uploads\/2014\/12\/Ultralleuger-M.Rosa-Serra-300x278.jpg\" alt=\"\" width=\"300\" height=\"278\" srcset=\"https:\/\/www.rosammasana.com\/wp-content\/uploads\/2014\/12\/Ultralleuger-M.Rosa-Serra-300x278.jpg 300w, https:\/\/www.rosammasana.com\/wp-content\/uploads\/2014\/12\/Ultralleuger-M.Rosa-Serra.jpg 578w\" sizes=\"(max-width: 300px) 100vw, 300px\" \/><\/a><figcaption id=\"caption-attachment-12268\" class=\"wp-caption-text\">Regal d&#39;un llibre i dedicaci\u00f3 de part de M. Rosa Serra<\/figcaption><\/figure>\n<figure id=\"attachment_10897\" aria-describedby=\"caption-attachment-10897\" style=\"width: 150px\" class=\"wp-caption alignright\"><a href=\"http:\/\/www.rosammasana.com\/wp-content\/uploads\/2014\/12\/Sin-Teresa-Soler.jpg\"><img loading=\"lazy\" decoding=\"async\" class=\"size-thumbnail wp-image-10897\" title=\"sin-teresa-soler\" src=\"http:\/\/www.rosammasana.com\/wp-content\/uploads\/2014\/12\/Sin-Teresa-Soler-150x150.jpg\" alt=\"\" width=\"150\" height=\"150\" \/><\/a><figcaption id=\"caption-attachment-10897\" class=\"wp-caption-text\">Dedicat\u00f2ria de la Teresa Soler<\/figcaption><\/figure>\n<figure id=\"attachment_10896\" aria-describedby=\"caption-attachment-10896\" style=\"width: 150px\" class=\"wp-caption alignleft\"><a href=\"http:\/\/www.rosammasana.com\/wp-content\/uploads\/2014\/12\/Aviaci\u00f3-J.Canudas.png\"><img loading=\"lazy\" decoding=\"async\" class=\"size-thumbnail wp-image-10896\" title=\"aviacio-j-canudas\" src=\"http:\/\/www.rosammasana.com\/wp-content\/uploads\/2014\/12\/Aviaci\u00f3-J.Canudas-150x150.png\" alt=\"\" width=\"150\" height=\"150\" \/><\/a><figcaption id=\"caption-attachment-10896\" class=\"wp-caption-text\">J.Canudas. Aviaci\u00f3 catalana<\/figcaption><\/figure>\n","protected":false},"excerpt":{"rendered":"<p>Article publicat a la revista que edita l\u2019Aeroclub de Barcelona-Sabadell al n\u00famero especial de l\u2019any 2011. En aquest\u00a0article hem incl\u00f2s algunes \u00a0imatges m\u00e9s de les que van ser publicades. Aneu a l&#8217;article clicant aqu\u00ed El dia 30 de mar\u00e7 de 2015 \u00a0l\u00b4autor Jes\u00fas Rubio Pilarte va publicar \u00a0un article\u00a0 titulat \u201cEnfermeras pilotos o enfermeres del&#8230;<\/p>\n","protected":false},"author":3,"featured_media":0,"comment_status":"open","ping_status":"open","sticky":false,"template":"","format":"standard","meta":{"footnotes":""},"categories":[4,1,32,14],"tags":[55,790,794,792,222,224,789,791,223,793,56],"class_list":["post-808","post","type-post","status-publish","format-standard","hentry","category-diversos","category-infermeria","category-miscel-lania","category-terrassa-pobles","tag-aeronautica","tag-aeroport-sabadell-terrassa","tag-cessna-152","tag-cessna-172","tag-enfermeras","tag-guerra","tag-llicencia-aviacio","tag-pilot-rosa-m-masana","tag-pilotos","tag-records-duna-pilot-aeronautica","tag-sabadell"],"_links":{"self":[{"href":"https:\/\/www.rosammasana.com\/index.php?rest_route=\/wp\/v2\/posts\/808"}],"collection":[{"href":"https:\/\/www.rosammasana.com\/index.php?rest_route=\/wp\/v2\/posts"}],"about":[{"href":"https:\/\/www.rosammasana.com\/index.php?rest_route=\/wp\/v2\/types\/post"}],"author":[{"embeddable":true,"href":"https:\/\/www.rosammasana.com\/index.php?rest_route=\/wp\/v2\/users\/3"}],"replies":[{"embeddable":true,"href":"https:\/\/www.rosammasana.com\/index.php?rest_route=%2Fwp%2Fv2%2Fcomments&post=808"}],"version-history":[{"count":58,"href":"https:\/\/www.rosammasana.com\/index.php?rest_route=\/wp\/v2\/posts\/808\/revisions"}],"predecessor-version":[{"id":815,"href":"https:\/\/www.rosammasana.com\/index.php?rest_route=\/wp\/v2\/posts\/808\/revisions\/815"}],"wp:attachment":[{"href":"https:\/\/www.rosammasana.com\/index.php?rest_route=%2Fwp%2Fv2%2Fmedia&parent=808"}],"wp:term":[{"taxonomy":"category","embeddable":true,"href":"https:\/\/www.rosammasana.com\/index.php?rest_route=%2Fwp%2Fv2%2Fcategories&post=808"},{"taxonomy":"post_tag","embeddable":true,"href":"https:\/\/www.rosammasana.com\/index.php?rest_route=%2Fwp%2Fv2%2Ftags&post=808"}],"curies":[{"name":"wp","href":"https:\/\/api.w.org\/{rel}","templated":true}]}}