{"id":9178,"date":"2020-06-10T16:59:26","date_gmt":"2020-06-10T14:59:26","guid":{"rendered":"http:\/\/www.rosammasana.com\/?p=9178"},"modified":"2020-06-15T19:31:59","modified_gmt":"2020-06-15T17:31:59","slug":"camps-de-concentracio-a-barcelona","status":"publish","type":"post","link":"https:\/\/www.rosammasana.com\/?p=9178","title":{"rendered":"Camps de concentraci\u00f3 a Barcelona"},"content":{"rendered":"<p style=\"text-align: justify;\">Alguna avantatge havia de tenir el fet que des del dia 13 de mar\u00e7 del 2020 ens haguem hagut de quedar a casa i tot per un microbi mig org\u00e0nic i mig inert, la cosa bona ha estat obrir calaixos oblidats.<\/p>\n<p style=\"text-align: justify;\">Entre uns antics arxius he localitzat unes ratlles d&#8217;una conversa que vaig tenir amb el palafrugellenc Joan Boy Marques, <a title=\"\" href=\"file:\/\/\/C:\/Users\/user\/Desktop\/Explicacions%20senyor%20Joan%20Boy%20Marqu%C3%A9s.docx#_edn1\">[1]<\/a>\u00a0fa uns deu anys. V\u00e0rem parlar de la pesca que era el tema que volia saber, per\u00f2 en Joan que tenia bastants anys d&#8217;experi\u00e8ncia de vida va\u00a0 \u00a0explicar un fet al voltant de la\u00a0 Guerra Civil Espanyola.<\/p>\n<p style=\"text-align: justify;\">Va dir que havia estat al <a title=\"Camp de concentraci\u00f3 d'Horta\" href=\"https:\/\/es.wikipedia.org\/wiki\/Campo_de_concentraci%C3%B3n_de_Horta\">Camp de concentraci\u00f3 d&#8217; Horta <\/a>i d\u2019all\u00e0 l&#8217;havien\u00a0 traslladat a <a title=\"Montjuic\" href=\"https:\/\/ca.wikipedia.org\/wiki\/Castell_de_Montju%C3%AFc\">Montju\u00efc<\/a>, lloc on va estar-hi relativament b\u00e9 degut a que cada dia formaven unes brigades de presoners per anar a\u00a0 demanar queviures a diversos magatzems de Barcelona &#8211; no ho va dir per\u00f2, possiblement anaven amb un cami\u00f3-, \u00a0despr\u00e8s repartien els aliments que havien recollit als hospicis i hospitals de la ciutat. El vespre quan a la pres\u00f3 de Montju\u00efc feien el sopar amb alguns del aliments recaptats.<\/p>\n<p style=\"text-align: justify;\">Novament\u00a0 va ser traslladar a un magatzem on hi estaven amb p\u00e8ssimes condicions, deia que nom\u00e9s els hi donaven un dia tres figues, un altre una llauna amb tres sardines i un altre galetes de vaixell\u00a0 vingudes de Cuba que per poder-les menjar havien de sostreure abans els cucs i que eren fortes com un roc.<\/p>\n<p style=\"text-align: justify;\">\u00a0En aquest magatzem ell preferia dormir al ras i es tapava amb sacs de ciment vuits i si plovia havia d&#8217;estar\u00a0 tota la nit moll, dormia al defora perqu\u00e8 era m\u00e9s segur que a dins del magatzem,(2) perqu\u00e8 all\u00e0 hi havia el risc de\u00a0 caure pel ull de l&#8217;escala que no tenia baranes i podies anar a parar al soterrani. Les escales eren fetes amb totxos provisionals, nom\u00e9s per poder-se enfilar i si\u00a0 la nit havies de anar al v\u00e0ter era perill\u00f3s .<\/p>\n<p style=\"text-align: justify;\">Dormirem directament al terra i cada dia sortia un cami\u00f3 amb persones mortes, la aigua que bev\u00edem era d&#8217;un safareig on tamb\u00e9\u00a0 s\u2019hi rentava la\u00a0 roba, jo posava un mocador per filtrar una mica l&#8217;aigua.<\/p>\n<p style=\"text-align: justify;\">Durant la conversa coneixen que era infermera a Pals va explicar que havia treballat cinc anys al <a title=\"Moli d'en Coll\" href=\"https:\/\/revistabaixemporda.cat\/a-peu-pel-baix-emporda-les-basses-den-coll-i-la-torre-mora-a-pals\/\">Moli de Pals<\/a> i que en Coll estada\u00a0 tant cansat de menjar cargols cuits directament amb fulles a sobre del foc, va decidir marxar amb dues pessetes a la butxaca a sud-america i quan va tornar es va comprar el mas de Pals. Tamb\u00e9 va comentar\u00a0 que una seva cosina l&#8217;havia criada una dia de Pals.<\/p>\n<p style=\"text-align: justify;\">Notes<\/p>\n<div><\/div>\n<hr align=\"left\" size=\"1\" width=\"33%\" \/>\n<div>\n<p style=\"text-align: justify;\"><a title=\"\" href=\"file:\/\/\/C:\/Users\/user\/Desktop\/Explicacions%20senyor%20Joan%20Boy%20Marqu%C3%A9s.docx#_ednref1\">[1]<\/a> He localitzat un trobat de INS de La Bisbal fet per Ariadna Adarnius. Anys de gana. Contraban i estraperlo al Baix Empord\u00e0 on li fan unes preguntes a Joan Boy i diu que havia nascut el 13 de mar\u00e7 de l\u2019any 1921 a Begur. Segons dades de la funer\u00e0ria va morir el dia 18 de mar\u00e7 de l\u2019any 2012 a Palafrugell.<\/p>\n<p>\u00a0(2) Desconeixem si el magatzem que es refereix Joan era el que descriu <a title=\"Jordi Barrioso\" href=\"http:\/\/webs2002.uab.es\/hmic\/recerca\/camps%20de%20concentracio%20i%20unitats%20disciplinaries.pdf\">Jordi Barrioso <\/a>a la seva tesi doctoral de la UAB, en refer\u00e8ncia a\u00a0 l&#8217;antiga fabrica de jute del Poblenou coneguda per <a title=\"El C\u00e0nem\" href=\"https:\/\/ca.wikipedia.org\/wiki\/El_C%C3%A0nem\">El C\u00e0nem <\/a>o dels germans God\u00f3, pagina n\u00famero 60 del seu treball.<\/p>\n<\/div>\n","protected":false},"excerpt":{"rendered":"<p>Alguna avantatge havia de tenir el fet que des del dia 13 de mar\u00e7 del 2020 ens haguem hagut de quedar a casa i tot per un microbi mig org\u00e0nic i mig inert, la cosa bona ha estat obrir calaixos oblidats. Entre uns antics arxius he localitzat unes ratlles d&#8217;una conversa que vaig tenir amb&#8230;<\/p>\n","protected":false},"author":1,"featured_media":0,"comment_status":"open","ping_status":"open","sticky":false,"template":"","format":"standard","meta":{"footnotes":""},"categories":[4,18],"tags":[1857,1068,1067,1847],"class_list":["post-9178","post","type-post","status-publish","format-standard","hentry","category-diversos","category-palafrugell","tag-barcelona","tag-camps-de-concentracio","tag-joan-boy","tag-palafrugell"],"_links":{"self":[{"href":"https:\/\/www.rosammasana.com\/index.php?rest_route=\/wp\/v2\/posts\/9178"}],"collection":[{"href":"https:\/\/www.rosammasana.com\/index.php?rest_route=\/wp\/v2\/posts"}],"about":[{"href":"https:\/\/www.rosammasana.com\/index.php?rest_route=\/wp\/v2\/types\/post"}],"author":[{"embeddable":true,"href":"https:\/\/www.rosammasana.com\/index.php?rest_route=\/wp\/v2\/users\/1"}],"replies":[{"embeddable":true,"href":"https:\/\/www.rosammasana.com\/index.php?rest_route=%2Fwp%2Fv2%2Fcomments&post=9178"}],"version-history":[{"count":13,"href":"https:\/\/www.rosammasana.com\/index.php?rest_route=\/wp\/v2\/posts\/9178\/revisions"}],"predecessor-version":[{"id":9185,"href":"https:\/\/www.rosammasana.com\/index.php?rest_route=\/wp\/v2\/posts\/9178\/revisions\/9185"}],"wp:attachment":[{"href":"https:\/\/www.rosammasana.com\/index.php?rest_route=%2Fwp%2Fv2%2Fmedia&parent=9178"}],"wp:term":[{"taxonomy":"category","embeddable":true,"href":"https:\/\/www.rosammasana.com\/index.php?rest_route=%2Fwp%2Fv2%2Fcategories&post=9178"},{"taxonomy":"post_tag","embeddable":true,"href":"https:\/\/www.rosammasana.com\/index.php?rest_route=%2Fwp%2Fv2%2Ftags&post=9178"}],"curies":[{"name":"wp","href":"https:\/\/api.w.org\/{rel}","templated":true}]}}