{"id":9251,"date":"2020-07-01T07:11:48","date_gmt":"2020-07-01T05:11:48","guid":{"rendered":"http:\/\/www.rosammasana.com\/?p=9251"},"modified":"2021-12-10T13:21:27","modified_gmt":"2021-12-10T11:21:27","slug":"final-dobres-de-dues-emblematiques-xemeneies-industrials-de-terrassa","status":"publish","type":"post","link":"https:\/\/www.rosammasana.com\/?p=9251","title":{"rendered":"La posada de bandera a dues emblem\u00e0tiques xemeneies industrials de Terrassa"},"content":{"rendered":"<p style=\"text-align: justify;\">Terrassa te incl\u00f2s en el patrimoni hist\u00f2ric-arquitect\u00f2nic-industrial diversos edificis modernistes i d&#8217;altres de singulars\u00a0 caracter\u00edstiques\u00a0 aix\u00ed com les xemeneies industrials que\u00a0 han estat preservades. Durant l&#8217; apogeu industrial\u00a0 Terrassa va arribar a tenir fins a 200 vapors majorit\u00e0riament d&#8217; empreses\u00a0 t\u00e8xtils i tamb\u00e9 algunes b\u00f2biles de totxos.<\/p>\n<p style=\"text-align: justify;\">En aquesta ocasi\u00f3 volem presentar unes imatges del dia que van\u00a0 finalitzar\u00a0 les obres\u00a0 de\u00a0 dues\u00a0 xemeneies terrassenques\u00a0 que\u00a0 a la vegada son considerades emblem\u00e0tiques\u00a0 de la ciutat, tamb\u00e9\u00a0 esmentar quelcom d&#8217;elles.\u00a0 Una de les\u00a0 xemeneies es\u00a0 de la empresa t\u00e8xtil modernista\u00a0 <a href=\"Vapor Aymerich, Amat i Jov\u00e9, Terrassa\">Aymerich, Amat i Jov\u00e9\u00a0<\/a> (1908) i l&#8217;altra \u00a0la de la b\u00f2bila Almirall\u00a0 edificada l&#8217;any 1956 o sigui que les separen 48 anys de diferencia.<\/p>\n<figure id=\"attachment_9261\" aria-describedby=\"caption-attachment-9261\" style=\"width: 300px\" class=\"wp-caption alignleft\"><a href=\"http:\/\/www.rosammasana.com\/wp-content\/uploads\/2020\/07\/Aymerich-general.jpg\"><img loading=\"lazy\" decoding=\"async\" class=\"size-medium wp-image-9261\" title=\"aymerich-general\" src=\"http:\/\/www.rosammasana.com\/wp-content\/uploads\/2020\/07\/Aymerich-general-300x203.jpg\" alt=\"\" width=\"300\" height=\"203\" srcset=\"https:\/\/www.rosammasana.com\/wp-content\/uploads\/2020\/07\/Aymerich-general-300x203.jpg 300w, https:\/\/www.rosammasana.com\/wp-content\/uploads\/2020\/07\/Aymerich-general-650x440.jpg 650w, https:\/\/www.rosammasana.com\/wp-content\/uploads\/2020\/07\/Aymerich-general.jpg 1647w\" sizes=\"(max-width: 300px) 100vw, 300px\" \/><\/a><figcaption id=\"caption-attachment-9261\" class=\"wp-caption-text\">Vista general del vapor Aymerich, Amat i Jov\u00e9<\/figcaption><\/figure>\n<figure id=\"attachment_9262\" aria-describedby=\"caption-attachment-9262\" style=\"width: 300px\" class=\"wp-caption alignright\"><a href=\"http:\/\/www.rosammasana.com\/wp-content\/uploads\/2020\/07\/Vista-general-de-la-b\u00f2bila-Almirall.jpg\"><img loading=\"lazy\" decoding=\"async\" class=\"size-medium wp-image-9262\" title=\"vista-general-de-la-bobila-almirall\" src=\"http:\/\/www.rosammasana.com\/wp-content\/uploads\/2020\/07\/Vista-general-de-la-b\u00f2bila-Almirall-300x225.jpg\" alt=\"\" width=\"300\" height=\"225\" srcset=\"https:\/\/www.rosammasana.com\/wp-content\/uploads\/2020\/07\/Vista-general-de-la-b\u00f2bila-Almirall-300x225.jpg 300w, https:\/\/www.rosammasana.com\/wp-content\/uploads\/2020\/07\/Vista-general-de-la-b\u00f2bila-Almirall.jpg 481w\" sizes=\"(max-width: 300px) 100vw, 300px\" \/><\/a><figcaption id=\"caption-attachment-9262\" class=\"wp-caption-text\">Vista general de la b\u00f2bila Almirall<\/figcaption><\/figure>\n<p style=\"text-align: justify;\"><span style=\"text-decoration: underline;\">Posada de bandera \u00a0<\/span><\/p>\n<p style=\"text-align: justify;\">Pel fet que parlen de l&#8217;acte de final de les obres, comentar que el costum de posar una bandera al cap de munt d\u2019una obra quan aquesta es donava per finalitzada,\u00a0 te\u00a0 el seu origen a la Edat Mitjana degut que quan es feien grans edificacions com podien ser esgl\u00e9sies o catedrals posaven un drap a la part m\u00e9s alta de l&#8217;obra perqu\u00e8 els servis d&#8217;orientaci\u00f3 envers la intensitat de les\u00a0 r\u00e0fegues\u00a0 i direcci\u00f3 del vent.\u00a0 Hem de considerar que les\u00a0 bastides\u00a0 i els sistemes de protecci\u00f3 personal\u00a0 no havien, potser, de tenir la seguretat\u00a0 d&#8217;avui dia.<\/p>\n<p style=\"text-align: justify;\">Aquest costum es va\u00a0 mantenir en el temps i \u00a0quan una obra es donava per finalitzada \u00a0al cap de munt s\u2019hi posava una bandera, per\u00f2 \u00a0sempre amb la premissa\u00a0 que cap dels treballadors hagu\u00e9s\u00a0 sofert un accident o perdut la vida i a la vegada era un indicatiu d&#8217;obra finalitzada.<\/p>\n<p style=\"text-align: justify;\">Tamb\u00e9 hi havia el costum que quan la obra es donava per acabada\u00a0 feien\u00a0 un\u00a0 dia de mitja festa i el constructor invitava al treballadors a fer un esmorzar o dinar. A les fotografies que presentarem veurem els treballadors de l&#8217;Aymerich i de l&#8217;Almirall enfilats a dalt la corona de la xemeneia en motiu de la posada de bandera. Desconec com van celebrar l&#8217;acabament\u00a0 de les obres de l&#8217;Aymerich per\u00f2,\u00a0 de la xemeneia de la b\u00f2bila Almirall si que sabem\u00a0 van fer un esmorzar a dalt la plataforma.<\/p>\n<figure id=\"attachment_9317\" aria-describedby=\"caption-attachment-9317\" style=\"width: 210px\" class=\"wp-caption alignright\"><\/dt>\n<dd class=\"wp-caption-dd\">Un estil de garrafa que van pujar a la plataforma el dia de la inauguraci\u00f3 de la xemeneia<\/dd>\n<\/dl>\n<\/div>\n<p style=\"text-align: justify;\">La an\u00e8cdota del esmorzar a la c\u00fapula de l&#8217;Almirall\u00a0 els cinc constructors i dues persones m\u00e9s, una d&#8217;elles Francesc Masana, per\u00a0 fer la celebraci\u00f3 van pujar tamb\u00e9 una garrafa de quatre litres de vi,\u00a0 d&#8217;aquelles que anaven\u00a0 protegides d&#8217;una malla feta de canya, per evitar\u00a0 tornar-la a baixar per l&#8217;escala, alg\u00fa de la colla\u00a0 la va llen\u00e7ar\u00a0 al vuit des dels 60 metres on estaven, no seria d&#8217;estranyar que aquest gest el fes en Mari\u00e0.\u00a0 La sorpresa va ser que quan van ser a\u00a0 baix s&#8217;adonaren\u00a0 que la garrafa estava intacte a sobre d&#8217;una pila de sorra.<\/p>\n<p style=\"text-align: justify;\"><span style=\"text-decoration: underline;\">El vapor Aymerich<\/span><\/p>\n<p style=\"text-align: justify;\">La fabrica\u00a0 o vapor Aymerich, Amat i Jov\u00e9 esta situada a\u00a0 Rambla d\u2019Egara n\u00famero 270, \u00a0va ser dissenyada per l\u2019arquitecte Llu\u00eds Muncunill\u00a0 i \u00a0Parellada i les obres van anar a c\u00e0rrec del mestre d\u2019obres Balt\u00e0 Comelles junt amb el seu equip de paletes. La\u00a0 empresa junt amb la xemeneia va ser inaugurada \u00a0el dia 1 de novembre de l\u2019any 1908.<a title=\"\" href=\"file:\/\/\/C:\/Users\/user\/Desktop\/Aymerich%20i%20Almirall\/Final%20d.docx#_edn1\">[i]<\/a><\/p>\n<div class=\"mceTemp\">\n<dl id=\"attachment_9255\" class=\"wp-caption alignleft\" style=\"width: 220px;\">\n<dt class=\"wp-caption-dt\"><a href=\"http:\/\/www.rosammasana.com\/wp-content\/uploads\/2020\/07\/Xemeneia-Aymerich-copia.jpg\"><img loading=\"lazy\" decoding=\"async\" class=\"size-medium wp-image-9255\" title=\"xemeneia-aymerich-copia\" src=\"http:\/\/www.rosammasana.com\/wp-content\/uploads\/2020\/07\/Xemeneia-Aymerich-copia-210x300.jpg\" alt=\"\" width=\"210\" height=\"300\" srcset=\"https:\/\/www.rosammasana.com\/wp-content\/uploads\/2020\/07\/Xemeneia-Aymerich-copia-210x300.jpg 210w, https:\/\/www.rosammasana.com\/wp-content\/uploads\/2020\/07\/Xemeneia-Aymerich-copia-456x650.jpg 456w, https:\/\/www.rosammasana.com\/wp-content\/uploads\/2020\/07\/Xemeneia-Aymerich-copia.jpg 920w\" sizes=\"(max-width: 210px) 100vw, 210px\" \/><\/a><figcaption id=\"caption-attachment-9317\" class=\"wp-caption-text\">Dia de la posada de la bandera a l&#39;Aymerich, sembla que a dalt hi ha quatre persones<\/figcaption><\/figure>\n<p style=\"text-align: justify;\">La empresa disposava d\u2019un superf\u00edcie fabril \u00a0de 11.000 metres quadrats i de lluny es veu sobresortir la xemeneia\u00a0 encarregada de succionar \u00a0els fums de dues caldera \u00a0generadores de vapor de la marca \u00a0Babcock &amp; Wilcox \u00a0disposa d\u2019una peanya\u00a0 octogonal d\u2019uns set metres d\u2019al\u00e7ada i \u00a0un fust tron c\u00f2nic \u00a0de trenta vuit metres , en total \u00a0la pe\u00e7a s\u2019eleva \u00a0fins a 42 metres. Disposa d\u2019un t\u00fanel de tiratge de gran envergadura que\u00a0 uneix la caldera amb la xemeneia i per on hi pot passat una persona dreta.<\/p>\n<p style=\"text-align: justify;\">Aquest vapor \u00a0acomplia tots els processos industrials necessaris des de que entrava a la f\u00e0brica \u00a0la mat\u00e8ria primera \u00a0fins aconseguir els diversos teixits de llana acabats , nom\u00e9s els hi era necessari \u00a0passar per les cosidores d\u2019errades que revisaven les peces per si hi havia alguna imperfecci\u00f3 \u00a0i solucionar-la, feina que feien les dones a casa seva sovint formant un petit taller de noies aprenents. Roser L\u00f3pez va fer un article titulat L\u2019ofici de Cosidora d\u2019errades.<a title=\"\" href=\"file:\/\/\/C:\/Users\/user\/Desktop\/Aymerich%20i%20Almirall\/Final%20d.docx#_edn2\">[ii]<\/a><\/p>\n<figure id=\"attachment_9256\" aria-describedby=\"caption-attachment-9256\" style=\"width: 208px\" class=\"wp-caption alignright\"><a href=\"http:\/\/www.rosammasana.com\/wp-content\/uploads\/2020\/07\/Aymeric.jpg\"><img loading=\"lazy\" decoding=\"async\" class=\"size-medium wp-image-9256\" title=\"aymeric\" src=\"http:\/\/www.rosammasana.com\/wp-content\/uploads\/2020\/07\/Aymeric-208x300.jpg\" alt=\"\" width=\"208\" height=\"300\" srcset=\"https:\/\/www.rosammasana.com\/wp-content\/uploads\/2020\/07\/Aymeric-208x300.jpg 208w, https:\/\/www.rosammasana.com\/wp-content\/uploads\/2020\/07\/Aymeric-451x650.jpg 451w, https:\/\/www.rosammasana.com\/wp-content\/uploads\/2020\/07\/Aymeric.jpg 482w\" sizes=\"(max-width: 208px) 100vw, 208px\" \/><\/a><figcaption id=\"caption-attachment-9256\" class=\"wp-caption-text\">Detall de la part distal o corona de la xemeneia Aymerich,Amat i Jover<\/figcaption><\/figure>\n<p style=\"text-align: justify;\">Vista una fotografies feta des de la base de la xemeneia per la seva part interior veien que les \u00a0escales de gat que pugen fins a la corona estan totes collades a una mateixa cara de la paret .<a title=\"\" href=\"file:\/\/\/C:\/Users\/user\/Desktop\/Aymerich%20i%20Almirall\/Final%20d.docx#_edn3\">[iii]<\/a><\/p>\n<p style=\"text-align: justify;\"><span style=\"text-decoration: underline;\">La b\u00f2bila Almirall<\/span><\/p>\n<p style=\"text-align: justify;\">La b\u00f2bila Almirall data de l\u2019any 1910 fundada per l\u2019empresari \u00a0Jaume Almirall i Poch situada a \u00a0la Gran Via,\u00a0 avinguda \u00c0ngel Sallent actual\u00a0 i com el seu nom diu elaboraven totxos per la construcci\u00f3. M\u00e9s endavant es va ocupar del negoci un fill d\u2019en Jaume, Francesc Almirall que entrada la d\u00e8cada dels anys seixanta degut\u00a0 a la arribada de la \u00a0immigraci\u00f3 i la forta demanda de material per la construcci\u00f3 va haver que incrementar la capacitat de coure el material posant en funcionament un altre forn.<\/p>\n<figure id=\"attachment_9257\" aria-describedby=\"caption-attachment-9257\" style=\"width: 187px\" class=\"wp-caption alignleft\"><a href=\"http:\/\/www.rosammasana.com\/wp-content\/uploads\/2020\/07\/Inaug.Almirall.jpg\"><img loading=\"lazy\" decoding=\"async\" class=\"size-medium wp-image-9257\" title=\"inaug-almirall\" src=\"http:\/\/www.rosammasana.com\/wp-content\/uploads\/2020\/07\/Inaug.Almirall-187x300.jpg\" alt=\"\" width=\"187\" height=\"300\" srcset=\"https:\/\/www.rosammasana.com\/wp-content\/uploads\/2020\/07\/Inaug.Almirall-187x300.jpg 187w, https:\/\/www.rosammasana.com\/wp-content\/uploads\/2020\/07\/Inaug.Almirall-405x650.jpg 405w, https:\/\/www.rosammasana.com\/wp-content\/uploads\/2020\/07\/Inaug.Almirall.jpg 758w\" sizes=\"(max-width: 187px) 100vw, 187px\" \/><\/a><figcaption id=\"caption-attachment-9257\" class=\"wp-caption-text\">Posada de bandera a la xemeneia Almirall<\/figcaption><\/figure>\n<p style=\"text-align: justify;\">Per la qual cosa tamb\u00e9 s\u2019havia de construir una xemeneia m\u00e9s gran que la que tenien que garant\u00eds\u00a0 el \u00a0correcte tiratge\u00a0 dels forns que havien de cremar 10,9 tones de carb\u00f3 al dia. \u00a0Va demanar que li fes l\u2019obra a Mari\u00e0 Masana, contractista d\u2019obres que feia treballs a per la empresa.<\/p>\n<p style=\"text-align: justify;\">Les obres van comen\u00e7ar a finals de l\u2019any 1955 amb el mestre d\u2019obres <a title=\"Els constructors de la Almirall\" href=\"https:\/\/www.raco.cat\/index.php\/Terme\/article\/view\/40696\/122145\">Mari\u00e0 Masana,<\/a> els dos paletes \u00a0Lucas P\u00e9rez i Jos\u00e9 Fauquet i els dos manobres Paulino Carbajal i Francisco G\u00e1lvez, finalitzant\u00a0 la edificaci\u00f3 el mes de juliol de l&#8217;any 1956.<\/p>\n<p style=\"text-align: justify;\">Les caracter\u00edstiques de la xemeneia s\u00f3n:\u00a0 Fust tronc\u00f2nic de 63,25 metres d\u2019al\u00e7ada i equipada \u00a0d\u2019una escala exterior helico\u00efdal de 207 graons que pugem fins a dalt d\u2019una plataforma des de on es pot contemplar tot Terrassa. Per m\u00e9s detalls t\u00e8cnics i de les persones que la construir es pot \u00a0consultar la publicaci\u00f3 a Terme n\u00fam. 14 de l\u2019any 1999.<\/p>\n<div class=\"mceTemp\">\n<dl id=\"attachment_9258\" class=\"wp-caption alignright\" style=\"width: 141px;\">\n<dt class=\"wp-caption-dt\"><a href=\"http:\/\/www.rosammasana.com\/wp-content\/uploads\/2020\/07\/Almirall-modi.jpg\"><img loading=\"lazy\" decoding=\"async\" class=\"size-medium wp-image-9258\" title=\"almirall-modi\" src=\"http:\/\/www.rosammasana.com\/wp-content\/uploads\/2020\/07\/Almirall-modi-131x300.jpg\" alt=\"\" width=\"131\" height=\"300\" srcset=\"https:\/\/www.rosammasana.com\/wp-content\/uploads\/2020\/07\/Almirall-modi-131x300.jpg 131w, https:\/\/www.rosammasana.com\/wp-content\/uploads\/2020\/07\/Almirall-modi-284x650.jpg 284w, https:\/\/www.rosammasana.com\/wp-content\/uploads\/2020\/07\/Almirall-modi.jpg 1060w\" sizes=\"(max-width: 131px) 100vw, 131px\" \/><\/a><span style=\"font-size: 11px;\">Detall de la part distal o coronaci\u00f3 de l&#8217;Almirall<\/span><\/dt>\n<\/dl>\n<\/div>\n<p style=\"text-align: justify;\">L\u2019any 1991 despr\u00e8s de presentar un complert expedient al <a title=\" La Almirall a Guinness\" href=\"http:\/\/www.rosammasana.com\/?p=2043\">Llibre Guinness<\/a> dels r\u00e8cords mundials, la xemeneia Almirall va \u00a0ser mereixedora\u00a0 del record mundial en esser \u00a0considerada la xemeneia industrial \u00a0feta de maons de terra cuita vermella \u00a0amb la escala de cargol m\u00e9s alta del mon.<\/p>\n<p>L\u2019any\u00a0\u00a0 van fer una enquesta als lectors del diari el Pa\u00eds per saber quines eren les escales que consideraven m\u00e9s boniques de qualsevol lloc del mon, <a title=\"Les segones escales m\u00e9s boniques, Almirall, Terrassa\" href=\"http:\/\/www.rosammasana.com\/?p=5162\">l&#8217;escala de xemeneia\u00a0 Almirall <\/a>va obtenir el segon lloc de la puntuaci\u00f3.<\/p>\n<p>&nbsp;<\/p>\n<p>&nbsp;<\/p>\n<p>&nbsp;<\/p>\n<p>&nbsp;<\/p>\n<p><span style=\"background-color: #f3f3f3; text-align: center;\">Notes<\/span><\/p>\n<div>\n<hr align=\"left\" size=\"1\" width=\"33%\" \/>\n<div>\n<address style=\"text-align: justify;\"><a title=\"\" href=\"file:\/\/\/C:\/Users\/user\/Desktop\/Aymerich%20i%20Almirall\/Final%20d.docx#_ednref1\">[i]<\/a> Terrassa, Patrimoni Industrial, p\u00e0gina n\u00fam.30. Ajuntament de Terrassa,1999,<\/address>\n<\/div>\n<address style=\"text-align: justify;\"><a title=\"\" href=\"file:\/\/\/C:\/Users\/user\/Desktop\/Aymerich%20i%20Almirall\/Final%20d.docx#_ednref2\">[ii]<\/a> Roser L\u00f3pez Mons\u00f2. L\u2019ofici de Cosidora d\u2019errades. Terme 2010, es pot localitzar l\u2019 article\u00a0 enlla\u00e7at a Sargir mitjons i pilotar avions de Rosa M. Masana. <a href=\"http:\/\/www.rosammasana.com\/?p=4240\">http:\/\/www.rosammasana.com\/?p=4240<\/a>\u00a0 i clicar sobre\u00a0 Roser L\u00f3pez.<\/address>\n<div>\n<address style=\"text-align: justify;\"><a title=\"\" href=\"file:\/\/\/C:\/Users\/user\/Desktop\/Aymerich%20i%20Almirall\/Final%20d.docx#_ednref3\">[iii]<\/a> Un contractista d\u2019obres va comentat que les escales de gat era millor col\u00b7locar-les\u00a0 intercalades\u00a0 entre un costat i l&#8217; altre del fust intern de la xemeneia\u00a0 per evitar la sobre carga\u00a0 a un sol costat i possibles deformacions de la estructura.\u00a0 L\u2019Aymerich \u00a0les te col\u00b7locades a una sola cara\u00a0 del fust\u00a0 intern i es preserva amb bones condicions.<\/address>\n<\/div>\n<\/div>\n","protected":false},"excerpt":{"rendered":"<p>Terrassa te incl\u00f2s en el patrimoni hist\u00f2ric-arquitect\u00f2nic-industrial diversos edificis modernistes i d&#8217;altres de singulars\u00a0 caracter\u00edstiques\u00a0 aix\u00ed com les xemeneies industrials que\u00a0 han estat preservades. Durant l&#8217; apogeu industrial\u00a0 Terrassa va arribar a tenir fins a 200 vapors majorit\u00e0riament d&#8217; empreses\u00a0 t\u00e8xtils i tamb\u00e9 algunes b\u00f2biles de totxos. En aquesta ocasi\u00f3 volem presentar unes imatges del&#8230;<\/p>\n","protected":false},"author":1,"featured_media":0,"comment_status":"open","ping_status":"open","sticky":false,"template":"","format":"standard","meta":{"footnotes":""},"categories":[81,6,14,9],"tags":[1076,1075,1080,1078,1077,489,1079,1054,41],"class_list":["post-9251","post","type-post","status-publish","format-standard","hentry","category-constructors","category-terrassa","category-terrassa-pobles","category-xemeneies-industrials","tag-amat","tag-aymerich","tag-balta-comelles","tag-bobila-almirall","tag-jover","tag-maria-masana","tag-posada-de-bandera","tag-vapors","tag-xemeneies"],"_links":{"self":[{"href":"https:\/\/www.rosammasana.com\/index.php?rest_route=\/wp\/v2\/posts\/9251"}],"collection":[{"href":"https:\/\/www.rosammasana.com\/index.php?rest_route=\/wp\/v2\/posts"}],"about":[{"href":"https:\/\/www.rosammasana.com\/index.php?rest_route=\/wp\/v2\/types\/post"}],"author":[{"embeddable":true,"href":"https:\/\/www.rosammasana.com\/index.php?rest_route=\/wp\/v2\/users\/1"}],"replies":[{"embeddable":true,"href":"https:\/\/www.rosammasana.com\/index.php?rest_route=%2Fwp%2Fv2%2Fcomments&post=9251"}],"version-history":[{"count":32,"href":"https:\/\/www.rosammasana.com\/index.php?rest_route=\/wp\/v2\/posts\/9251\/revisions"}],"predecessor-version":[{"id":9272,"href":"https:\/\/www.rosammasana.com\/index.php?rest_route=\/wp\/v2\/posts\/9251\/revisions\/9272"}],"wp:attachment":[{"href":"https:\/\/www.rosammasana.com\/index.php?rest_route=%2Fwp%2Fv2%2Fmedia&parent=9251"}],"wp:term":[{"taxonomy":"category","embeddable":true,"href":"https:\/\/www.rosammasana.com\/index.php?rest_route=%2Fwp%2Fv2%2Fcategories&post=9251"},{"taxonomy":"post_tag","embeddable":true,"href":"https:\/\/www.rosammasana.com\/index.php?rest_route=%2Fwp%2Fv2%2Ftags&post=9251"}],"curies":[{"name":"wp","href":"https:\/\/api.w.org\/{rel}","templated":true}]}}